{"id":26787,"date":"2022-05-04T12:56:42","date_gmt":"2022-05-04T17:56:42","guid":{"rendered":"https:\/\/encuentroinformativo.com.mx\/?p=26787"},"modified":"2022-05-04T13:09:05","modified_gmt":"2022-05-04T18:09:05","slug":"esperan-mas-de-60-mil-visitantes-a-feria-del-mango","status":"publish","type":"post","link":"https:\/\/encuentroinformativo.com.mx\/?p=26787","title":{"rendered":"Esperan m\u00e1s de 60 mil visitantes a Feria del Mango"},"content":{"rendered":"\n<p><strong>Juan Arcos<\/strong><\/p>\n\n\n\n<p>Xalapa, Ver.- La alcaldesa de Actopan, Mar\u00eda Esther L\u00f3pez Callejas, anunci\u00f3 la Feria del Mango 2022 que se llevar\u00e1 a cabo del s\u00e1bado 21 al domingo 29 de mayo, misma que permitir\u00e1 una importante derrama econ\u00f3mica en el municipio.<\/p>\n\n\n\n<p>En conferencia de prensa, realizada en la Galer\u00eda de Arte Contempor\u00e1neo de Xalapa (GACX), acompa\u00f1ada del secretario de Turismo, Iv\u00e1n Mart\u00ednez Olvera, la mun\u00edcipe dio a conocer que el evento se realizar\u00eda con una inversi\u00f3n de 3.5 millones pesos.<\/p>\n\n\n\n<p>Adem\u00e1s, indic\u00f3 que se espera recibir a m\u00e1s de 63 mil visitantes en todas las actividades del evento, cifra que se registr\u00f3 durante el pasado periodo vacacional de Semana Santa.<\/p>\n\n\n\n<p>Tambi\u00e9n enfatiz\u00f3 que la tradicional Feria del Mango en el municipio de Actopan es famosa a nivel estatal y nacional, y afirm\u00f3 que esta edici\u00f3n se efectuar\u00e1 gracias a la flexibilidad del sem\u00e1foro epidemiol\u00f3gico, tras dos a\u00f1os de haberse cancelado por la emergencia sanitaria.<\/p>\n\n\n\n<p>Este evento tambi\u00e9n tiene la finalidad de promover y conservar las tradiciones del municipio y, por ese motivo, se destacar\u00eda la importancia del cultivo de mango en la regi\u00f3n.<\/p>\n\n\n\n<p>Se contemplan actividades culturales, gastron\u00f3micas, deportivas y art\u00edsticas en las principales zonas tur\u00edsticas.<\/p>\n\n\n\n<p>El s\u00e1bado 7 de mayo se realizar\u00e1 la selecci\u00f3n de la reina de la Feriadel Mango Actopan 2022, en la cabecera municipal.<\/p>\n\n\n\n<p>El s\u00e1bado 21 de mayo, iniciar\u00e1n las actividades con una gran cabalgata a la que est\u00e1 invitado el p\u00fablico en general y partir\u00e1 desde la localidad de Mozomboa y cruzar\u00e1 por algunas otras localidades hasta llegar a la cabecera municipal.<\/p>\n\n\n\n<p>L\u00f3pez Callejas destac\u00f3 que la seguridad est\u00e1 garantizada durante la feria, donde elementos de la polic\u00eda estatal, en coordinaci\u00f3n con otras corporaciones de auxilio, mantendr\u00e1n vigiladas todas las actividades.<\/p>\n","protected":false},"excerpt":{"rendered":"<p>Juan Arcos Xalapa, Ver.- La alcaldesa de Actopan, Mar\u00eda Esther L\u00f3pez Callejas, anunci\u00f3 la Feria del Mango 2022 que se llevar\u00e1 a cabo del s\u00e1bado 21 al domingo 29 de mayo, misma que permitir\u00e1 una importante derrama econ\u00f3mica en el municipio. En conferencia de prensa, realizada en la Galer\u00eda de Arte Contempor\u00e1neo de Xalapa (GACX), [&hellip;]<\/p>\n","protected":false},"author":1,"featured_media":26794,"comment_status":"open","ping_status":"open","sticky":false,"template":"","format":"standard","meta":{"_jetpack_memberships_contains_paid_content":false,"footnotes":""},"categories":[8],"tags":[],"class_list":["post-26787","post","type-post","status-publish","format-standard","has-post-thumbnail","hentry","category-region"],"jetpack_featured_media_url":"https:\/\/encuentroinformativo.com.mx\/wp-content\/uploads\/2022\/05\/9D26D7F6-49CB-447E-8503-7AFCB4E12FF1.jpeg","jetpack_sharing_enabled":true,"jetpack_likes_enabled":true,"amp_enabled":true,"_links":{"self":[{"href":"https:\/\/encuentroinformativo.com.mx\/index.php?rest_route=\/wp\/v2\/posts\/26787","targetHints":{"allow":["GET"]}}],"collection":[{"href":"https:\/\/encuentroinformativo.com.mx\/index.php?rest_route=\/wp\/v2\/posts"}],"about":[{"href":"https:\/\/encuentroinformativo.com.mx\/index.php?rest_route=\/wp\/v2\/types\/post"}],"author":[{"embeddable":true,"href":"https:\/\/encuentroinformativo.com.mx\/index.php?rest_route=\/wp\/v2\/users\/1"}],"replies":[{"embeddable":true,"href":"https:\/\/encuentroinformativo.com.mx\/index.php?rest_route=%2Fwp%2Fv2%2Fcomments&post=26787"}],"version-history":[{"count":1,"href":"https:\/\/encuentroinformativo.com.mx\/index.php?rest_route=\/wp\/v2\/posts\/26787\/revisions"}],"predecessor-version":[{"id":26789,"href":"https:\/\/encuentroinformativo.com.mx\/index.php?rest_route=\/wp\/v2\/posts\/26787\/revisions\/26789"}],"wp:featuredmedia":[{"embeddable":true,"href":"https:\/\/encuentroinformativo.com.mx\/index.php?rest_route=\/wp\/v2\/media\/26794"}],"wp:attachment":[{"href":"https:\/\/encuentroinformativo.com.mx\/index.php?rest_route=%2Fwp%2Fv2%2Fmedia&parent=26787"}],"wp:term":[{"taxonomy":"category","embeddable":true,"href":"https:\/\/encuentroinformativo.com.mx\/index.php?rest_route=%2Fwp%2Fv2%2Fcategories&post=26787"},{"taxonomy":"post_tag","embeddable":true,"href":"https:\/\/encuentroinformativo.com.mx\/index.php?rest_route=%2Fwp%2Fv2%2Ftags&post=26787"}],"curies":[{"name":"wp","href":"https:\/\/api.w.org\/{rel}","templated":true}]}}