{"id":26790,"date":"2022-05-04T13:01:55","date_gmt":"2022-05-04T18:01:55","guid":{"rendered":"https:\/\/encuentroinformativo.com.mx\/?p=26790"},"modified":"2022-05-04T13:01:57","modified_gmt":"2022-05-04T18:01:57","slug":"promueven-carrera-regional-en-cofre-de-perote","status":"publish","type":"post","link":"https:\/\/encuentroinformativo.com.mx\/?p=26790","title":{"rendered":"Promueven carrera regional en Cofre de Perote"},"content":{"rendered":"\n<p>Xalapa, Ver.- El director del Parque Nacional Pico de Orizaba, Luis Ra\u00fal \u00c1lvarez Oseguera dio a conocer que el pr\u00f3ximo 22 de mayo se realizar\u00e1 la Carrera Regional Veracruz en el Parque Nacional Cofre de Perote, en entrevista dijo que se ha detectado un incremento considerable en la tala de \u00e1rboles en esta zona por lo cu\u00e1l ya trabajan en la implementaci\u00f3n de acciones entre autoridades ambientales y de seguridad.\u00a0<\/p>\n","protected":false},"excerpt":{"rendered":"<p>Xalapa, Ver.- El director del Parque Nacional Pico de Orizaba, Luis Ra\u00fal \u00c1lvarez Oseguera dio a conocer que el pr\u00f3ximo 22 de mayo se realizar\u00e1 la Carrera Regional Veracruz en el Parque Nacional Cofre de Perote, en entrevista dijo que se ha detectado un incremento considerable en la tala de \u00e1rboles en esta zona por [&hellip;]<\/p>\n","protected":false},"author":1,"featured_media":26791,"comment_status":"open","ping_status":"open","sticky":false,"template":"","format":"standard","meta":{"_jetpack_memberships_contains_paid_content":false,"footnotes":""},"categories":[8],"tags":[],"class_list":["post-26790","post","type-post","status-publish","format-standard","has-post-thumbnail","hentry","category-region"],"jetpack_featured_media_url":"https:\/\/encuentroinformativo.com.mx\/wp-content\/uploads\/2022\/05\/47FA89F4-7326-4C63-9EB2-2BEE5D8A37B2.jpeg","jetpack_sharing_enabled":true,"jetpack_likes_enabled":true,"amp_enabled":true,"_links":{"self":[{"href":"https:\/\/encuentroinformativo.com.mx\/index.php?rest_route=\/wp\/v2\/posts\/26790","targetHints":{"allow":["GET"]}}],"collection":[{"href":"https:\/\/encuentroinformativo.com.mx\/index.php?rest_route=\/wp\/v2\/posts"}],"about":[{"href":"https:\/\/encuentroinformativo.com.mx\/index.php?rest_route=\/wp\/v2\/types\/post"}],"author":[{"embeddable":true,"href":"https:\/\/encuentroinformativo.com.mx\/index.php?rest_route=\/wp\/v2\/users\/1"}],"replies":[{"embeddable":true,"href":"https:\/\/encuentroinformativo.com.mx\/index.php?rest_route=%2Fwp%2Fv2%2Fcomments&post=26790"}],"version-history":[{"count":1,"href":"https:\/\/encuentroinformativo.com.mx\/index.php?rest_route=\/wp\/v2\/posts\/26790\/revisions"}],"predecessor-version":[{"id":26792,"href":"https:\/\/encuentroinformativo.com.mx\/index.php?rest_route=\/wp\/v2\/posts\/26790\/revisions\/26792"}],"wp:featuredmedia":[{"embeddable":true,"href":"https:\/\/encuentroinformativo.com.mx\/index.php?rest_route=\/wp\/v2\/media\/26791"}],"wp:attachment":[{"href":"https:\/\/encuentroinformativo.com.mx\/index.php?rest_route=%2Fwp%2Fv2%2Fmedia&parent=26790"}],"wp:term":[{"taxonomy":"category","embeddable":true,"href":"https:\/\/encuentroinformativo.com.mx\/index.php?rest_route=%2Fwp%2Fv2%2Fcategories&post=26790"},{"taxonomy":"post_tag","embeddable":true,"href":"https:\/\/encuentroinformativo.com.mx\/index.php?rest_route=%2Fwp%2Fv2%2Ftags&post=26790"}],"curies":[{"name":"wp","href":"https:\/\/api.w.org\/{rel}","templated":true}]}}