{"id":268,"date":"2020-03-02T14:29:07","date_gmt":"2020-03-02T14:29:07","guid":{"rendered":"https:\/\/encuentroinformativodotcomdotmx.wordpress.com\/2020\/03\/02\/ante-coronavirus-coadyuva-pc-con-salud-en-veracruz\/"},"modified":"2020-03-04T08:30:06","modified_gmt":"2020-03-04T08:30:06","slug":"ante-coronavirus-coadyuva-pc-con-salud-en-veracruz","status":"publish","type":"post","link":"https:\/\/encuentroinformativo.com.mx\/?p=268","title":{"rendered":"Ante coronavirus, coadyuva PC con Salud en Veracruz"},"content":{"rendered":"\n<p>Juan Arcos<\/p>\n\n\n\n<figure class=\"wp-block-image size-large\"><img loading=\"lazy\" decoding=\"async\" width=\"1563\" height=\"1240\" src=\"https:\/\/encuentroinformativo.com.mx\/wp-content\/uploads\/2020\/03\/ezy-watermark_02-03-2020_02-24-37p.m..jpg?w=1024\" alt=\"\" class=\"wp-image-267\" srcset=\"https:\/\/encuentroinformativo.com.mx\/wp-content\/uploads\/2020\/03\/ezy-watermark_02-03-2020_02-24-37p.m..jpg 1563w, https:\/\/encuentroinformativo.com.mx\/wp-content\/uploads\/2020\/03\/ezy-watermark_02-03-2020_02-24-37p.m.-300x238.jpg 300w, https:\/\/encuentroinformativo.com.mx\/wp-content\/uploads\/2020\/03\/ezy-watermark_02-03-2020_02-24-37p.m.-1024x812.jpg 1024w, https:\/\/encuentroinformativo.com.mx\/wp-content\/uploads\/2020\/03\/ezy-watermark_02-03-2020_02-24-37p.m.-768x609.jpg 768w, https:\/\/encuentroinformativo.com.mx\/wp-content\/uploads\/2020\/03\/ezy-watermark_02-03-2020_02-24-37p.m.-1536x1219.jpg 1536w, https:\/\/encuentroinformativo.com.mx\/wp-content\/uploads\/2020\/03\/ezy-watermark_02-03-2020_02-24-37p.m.-1200x952.jpg 1200w\" sizes=\"auto, (max-width: 1563px) 100vw, 1563px\" \/><\/figure>\n\n\n\n<p><strong>Juan Arcos<\/strong> <\/p>\n\n\n\n<p>Xalapa, Ver.- La Secretar\u00eda de Protecci\u00f3n Civil (PC) de Veracruz coadyuva con autoridades del Sector Salud por posibles casos de coronavirus en la entidad.<\/p>\n\n\n\n<p>La titular de la dependencia, Guadalupe Osorno Maldonado, indic\u00f3 que distintas \u00e1reas est\u00e1n en coordinaci\u00f3n, mediante el Consejo Estatal de Salud.<\/p>\n\n\n\n<p>\u201cEn la ley 856 est\u00e1 coadyuvar en temas de fen\u00f3menos sanitarios, particularmente en este caso, estamos acompa\u00f1ando las recomendaciones que da la Secretar\u00eda de Salud\u201d.<\/p>\n\n\n\n<p>La Secretaria de Protecci\u00f3n Civil indic\u00f3 que en Veracruz no hay una situaci\u00f3n alarmante por Coronavirus.<\/p>\n\n\n\n<p>\u201cUna situaci\u00f3n que se tenga que alarmar, no es necesario tomar medidas adicionales; sin embargo, en caso de que esto creciera y fuera necesario, ver\u00edamos qu\u00e9 es lo que corresponde, pero ser\u00edan instrucciones de salud que nos difer\u00edan qu\u00e9 hacer en caso de que esta situaci\u00f3n mereciera una cuesti\u00f3n adicional\u201d.<\/p>\n\n\n\n<p>Cabe recordar que hasta el momento no se ha confirmado ning\u00fan caso de coronavirus en el estado.<\/p>\n\n\n\n<p><strong>DECLARATORIA POR SEQU\u00cdA<\/strong><\/p>\n\n\n\n<p>En otro tema, Osorno Maldonado indic\u00f3 que PC tiene activa una declaratoria de desastre por sequ\u00eda, para la construcci\u00f3n de la infraestructura h\u00eddrica en los municipios m\u00e1s afectados.<\/p>\n\n\n\n<p>A su juicio, las condiciones de segu\u00eda en la entidad han bajado, de acuerdo con el Monitor de Sequ\u00eda de la Comisi\u00f3n Nacional del Agua (Conagua).<\/p>\n\n\n\n<p>\u201cEso est\u00e1 en ejecuci\u00f3n, lo que pasa con los recursos del Fonden y la relaci\u00f3n con la Secretar\u00eda de Protecci\u00f3n Civil es que nosotros establecemos el comit\u00e9 de da\u00f1os, presentamos los proyectos a la Federaci\u00f3n, pero cu\u00e1ndo bajan los recursos y el proceso de ejecuci\u00f3n no tenemos informaci\u00f3n\u201d.<\/p>\n\n\n\n<p>Sin embargo, expres\u00f3 que en muchas afectaciones no se compromet\u00eda el derecho humano al agua y, por ello, no es competencia de PC.<\/p>\n\n\n\n<p>\u201cEs competencia de Sedarpa y ellos tienen su seguro catastr\u00f3fico y es el que estuvieron echando mano durante todo el 2019\u201d.<\/p>\n\n\n\n<p>Hasta diciembre pasado se hablaba de afectaciones por sequ\u00eda severa en 68 municipios, localizados principalmente en las zonas norte y sur de la entidad.<\/p>\n","protected":false},"excerpt":{"rendered":"<p>Juan Arcos Juan Arcos Xalapa, Ver.- La Secretar\u00eda de Protecci\u00f3n Civil (PC) de Veracruz coadyuva con autoridades del Sector Salud por posibles casos de coronavirus en la entidad. La titular de la dependencia, Guadalupe Osorno Maldonado, indic\u00f3 que distintas \u00e1reas est\u00e1n en coordinaci\u00f3n, mediante el Consejo Estatal de Salud. \u201cEn la ley 856 est\u00e1 coadyuvar [&hellip;]<\/p>\n","protected":false},"author":1,"featured_media":267,"comment_status":"open","ping_status":"open","sticky":false,"template":"","format":"standard","meta":{"_jetpack_memberships_contains_paid_content":false,"footnotes":""},"categories":[9],"tags":[],"class_list":["post-268","post","type-post","status-publish","format-standard","has-post-thumbnail","hentry","category-salud"],"jetpack_featured_media_url":"https:\/\/encuentroinformativo.com.mx\/wp-content\/uploads\/2020\/03\/ezy-watermark_02-03-2020_02-24-37p.m..jpg","jetpack_sharing_enabled":true,"jetpack_likes_enabled":true,"amp_enabled":true,"_links":{"self":[{"href":"https:\/\/encuentroinformativo.com.mx\/index.php?rest_route=\/wp\/v2\/posts\/268","targetHints":{"allow":["GET"]}}],"collection":[{"href":"https:\/\/encuentroinformativo.com.mx\/index.php?rest_route=\/wp\/v2\/posts"}],"about":[{"href":"https:\/\/encuentroinformativo.com.mx\/index.php?rest_route=\/wp\/v2\/types\/post"}],"author":[{"embeddable":true,"href":"https:\/\/encuentroinformativo.com.mx\/index.php?rest_route=\/wp\/v2\/users\/1"}],"replies":[{"embeddable":true,"href":"https:\/\/encuentroinformativo.com.mx\/index.php?rest_route=%2Fwp%2Fv2%2Fcomments&post=268"}],"version-history":[{"count":1,"href":"https:\/\/encuentroinformativo.com.mx\/index.php?rest_route=\/wp\/v2\/posts\/268\/revisions"}],"predecessor-version":[{"id":359,"href":"https:\/\/encuentroinformativo.com.mx\/index.php?rest_route=\/wp\/v2\/posts\/268\/revisions\/359"}],"wp:featuredmedia":[{"embeddable":true,"href":"https:\/\/encuentroinformativo.com.mx\/index.php?rest_route=\/wp\/v2\/media\/267"}],"wp:attachment":[{"href":"https:\/\/encuentroinformativo.com.mx\/index.php?rest_route=%2Fwp%2Fv2%2Fmedia&parent=268"}],"wp:term":[{"taxonomy":"category","embeddable":true,"href":"https:\/\/encuentroinformativo.com.mx\/index.php?rest_route=%2Fwp%2Fv2%2Fcategories&post=268"},{"taxonomy":"post_tag","embeddable":true,"href":"https:\/\/encuentroinformativo.com.mx\/index.php?rest_route=%2Fwp%2Fv2%2Ftags&post=268"}],"curies":[{"name":"wp","href":"https:\/\/api.w.org\/{rel}","templated":true}]}}