{"id":26807,"date":"2022-05-04T17:35:35","date_gmt":"2022-05-04T22:35:35","guid":{"rendered":"https:\/\/encuentroinformativo.com.mx\/?p=26807"},"modified":"2022-05-04T17:35:38","modified_gmt":"2022-05-04T22:35:38","slug":"nueva-distritacion-para-veracruz-estara-lista-en-el-2023-ine","status":"publish","type":"post","link":"https:\/\/encuentroinformativo.com.mx\/?p=26807","title":{"rendered":"Nueva distritaci\u00f3n para Veracruz estar\u00e1 lista en el 2023: INE"},"content":{"rendered":"\n<p>Xalapa, Ver.- Los\u00a0trabajos que realiza el Instituto Nacional\u00a0Electoral\u00a0(INE)\u00a0para conformar la nueva distritaci\u00f3n a nivel federal y\u00a0local en cada una de las 32 entidades federativas\u00a0concluir\u00e1n\u00a0en el 2023,\u00a0inform\u00f3\u00a0el\u00a0Vocal\u00a0Ejecutivo de la Junta\u00a0Local\u00a0Ejecutiva del INE en Veracruz, Josu\u00e9 Cervantes\u00a0Mart\u00ednez.<\/p>\n\n\n\n<p>Adelant\u00f3&nbsp;que&nbsp;una vez que se hayan incorporado&nbsp;las&nbsp;diversas&nbsp;observaciones&nbsp;y&nbsp;propuestas&nbsp;que el&nbsp;INE&nbsp;ha recibido, tanto de&nbsp;partidos pol\u00edticos como&nbsp;de&nbsp;pueblos ind\u00edgenas y&nbsp;afromexicanos,se&nbsp;presentar\u00e1&nbsp;un&nbsp;segundo escenario&nbsp;con&nbsp;la&nbsp;conformaci\u00f3n&nbsp;de&nbsp;pol\u00edgonos federales&nbsp;y&nbsp;locales&nbsp;para la entidad.<\/p>\n\n\n\n<p>\u201cEl pasado 11&nbsp;marzo&nbsp;el&nbsp;Instituto&nbsp;present\u00f3,&nbsp;en un acto p\u00fablico&nbsp;y ante representantes de partidos pol\u00edticos,&nbsp;un primer escenariopara Veracruz.&nbsp;Previamente,&nbsp;en&nbsp;un Foro&nbsp;Estatal&nbsp;celebrado&nbsp;en&nbsp;la&nbsp;ciudad de Xalapa&nbsp;y&nbsp;de forma paralela&nbsp;en&nbsp;mesas&nbsp;informativasrealizadas en&nbsp;cuatro de las veinte Juntas Distritales Ejecutivas del INE en el Estado, concretamente en las sedes de Tantoyuca, Papantla, Minatitl\u00e1n y Orizaba,&nbsp;se present\u00f3 el proyecto&nbsp;a&nbsp;personas miembros y representantes de pueblos originarios&nbsp;y afromexicanos.\u201d<\/p>\n\n\n\n<p>Posteriormente,&nbsp;agreg\u00f3 Cervantes Mart\u00ednez,&nbsp;el pasado&nbsp;23 de&nbsp;abril&nbsp;se llevaron a cabo cuatro reuniones regionales consultivas para recoger&nbsp;la opini\u00f3n de los&nbsp;pueblos ind\u00edgenas y afromexicanos,&nbsp;en&nbsp;cumplimiento&nbsp;al&nbsp;orden normativo nacional ya&nbsp;los tratados internacionales,&nbsp;incluido el&nbsp;Convenio 169 de la Organizaci\u00f3n Internacional del Trabajo.<\/p>\n\n\n\n<p>\u201cTambi\u00e9n&nbsp;hemos&nbsp;recibido&nbsp;diversas&nbsp;observaciones y&nbsp;propuestasde escenarios&nbsp;por&nbsp;parte&nbsp;de los&nbsp;partidos&nbsp;pol\u00edticos,&nbsp;mismas que ya se han remitido a la Direcci\u00f3n&nbsp;Ejecutiva&nbsp;del&nbsp;RegistroFederal de Electores para su&nbsp;valoraci\u00f3n\u201d, dijo.<\/p>\n\n\n\n<p>Hay que&nbsp;recordar que, por mandato constitucional, a partir de los resultados del Censo de Poblaci\u00f3n y Vivienda 2020 publicados por&nbsp;el INEGI, el INE debe llevar a cabo una actualizaci\u00f3n al marco geogr\u00e1fico electoral federal y al de cada entidad federativa.&nbsp;De&nbsp;acuerdo con&nbsp;resultados del&nbsp;censo&nbsp;2020, en 10 a\u00f1os la poblaci\u00f3n de Veracruz creci\u00f3 en 419,385 habitantes, al pasar de 7,643,194 en 2010 a 8,062,579 personas en 2020.&nbsp;<\/p>\n\n\n\n<p>Para calcular el n\u00famero de distritos por entidad federativa, se debe dividir la poblaci\u00f3n de cada&nbsp;Estado entre 420,046 personas, que es la media nacional. En el caso de Veracruz, el resultado es 19.1, mismo que se redondea a 19, por lo que a Veracruz le corresponden matem\u00e1tica y constitucionalmente 19 distritos, uno menos que los que tuvo en la distritaci\u00f3n hoy vigente.<\/p>\n","protected":false},"excerpt":{"rendered":"<p>Xalapa, Ver.- Los\u00a0trabajos que realiza el Instituto Nacional\u00a0Electoral\u00a0(INE)\u00a0para conformar la nueva distritaci\u00f3n a nivel federal y\u00a0local en cada una de las 32 entidades federativas\u00a0concluir\u00e1n\u00a0en el 2023,\u00a0inform\u00f3\u00a0el\u00a0Vocal\u00a0Ejecutivo de la Junta\u00a0Local\u00a0Ejecutiva del INE en Veracruz, Josu\u00e9 Cervantes\u00a0Mart\u00ednez. Adelant\u00f3&nbsp;que&nbsp;una vez que se hayan incorporado&nbsp;las&nbsp;diversas&nbsp;observaciones&nbsp;y&nbsp;propuestas&nbsp;que el&nbsp;INE&nbsp;ha recibido, tanto de&nbsp;partidos pol\u00edticos como&nbsp;de&nbsp;pueblos ind\u00edgenas y&nbsp;afromexicanos,se&nbsp;presentar\u00e1&nbsp;un&nbsp;segundo escenario&nbsp;con&nbsp;la&nbsp;conformaci\u00f3n&nbsp;de&nbsp;pol\u00edgonos federales&nbsp;y&nbsp;locales&nbsp;para la entidad. \u201cEl pasado [&hellip;]<\/p>\n","protected":false},"author":1,"featured_media":26808,"comment_status":"open","ping_status":"open","sticky":false,"template":"","format":"standard","meta":{"_jetpack_memberships_contains_paid_content":false,"footnotes":""},"categories":[2],"tags":[],"class_list":["post-26807","post","type-post","status-publish","format-standard","has-post-thumbnail","hentry","category-estado"],"jetpack_featured_media_url":"https:\/\/encuentroinformativo.com.mx\/wp-content\/uploads\/2022\/05\/8617840D-F6F7-49C8-B67C-76473A623C43.jpeg","jetpack_sharing_enabled":true,"jetpack_likes_enabled":true,"amp_enabled":true,"_links":{"self":[{"href":"https:\/\/encuentroinformativo.com.mx\/index.php?rest_route=\/wp\/v2\/posts\/26807","targetHints":{"allow":["GET"]}}],"collection":[{"href":"https:\/\/encuentroinformativo.com.mx\/index.php?rest_route=\/wp\/v2\/posts"}],"about":[{"href":"https:\/\/encuentroinformativo.com.mx\/index.php?rest_route=\/wp\/v2\/types\/post"}],"author":[{"embeddable":true,"href":"https:\/\/encuentroinformativo.com.mx\/index.php?rest_route=\/wp\/v2\/users\/1"}],"replies":[{"embeddable":true,"href":"https:\/\/encuentroinformativo.com.mx\/index.php?rest_route=%2Fwp%2Fv2%2Fcomments&post=26807"}],"version-history":[{"count":1,"href":"https:\/\/encuentroinformativo.com.mx\/index.php?rest_route=\/wp\/v2\/posts\/26807\/revisions"}],"predecessor-version":[{"id":26809,"href":"https:\/\/encuentroinformativo.com.mx\/index.php?rest_route=\/wp\/v2\/posts\/26807\/revisions\/26809"}],"wp:featuredmedia":[{"embeddable":true,"href":"https:\/\/encuentroinformativo.com.mx\/index.php?rest_route=\/wp\/v2\/media\/26808"}],"wp:attachment":[{"href":"https:\/\/encuentroinformativo.com.mx\/index.php?rest_route=%2Fwp%2Fv2%2Fmedia&parent=26807"}],"wp:term":[{"taxonomy":"category","embeddable":true,"href":"https:\/\/encuentroinformativo.com.mx\/index.php?rest_route=%2Fwp%2Fv2%2Fcategories&post=26807"},{"taxonomy":"post_tag","embeddable":true,"href":"https:\/\/encuentroinformativo.com.mx\/index.php?rest_route=%2Fwp%2Fv2%2Ftags&post=26807"}],"curies":[{"name":"wp","href":"https:\/\/api.w.org\/{rel}","templated":true}]}}