{"id":26815,"date":"2022-05-04T19:22:23","date_gmt":"2022-05-05T00:22:23","guid":{"rendered":"https:\/\/encuentroinformativo.com.mx\/?p=26815"},"modified":"2022-05-04T19:22:26","modified_gmt":"2022-05-05T00:22:26","slug":"gestiona-diputada-jornada-de-mastografias-gratuitas-para-trabajadoras-del-congreso","status":"publish","type":"post","link":"https:\/\/encuentroinformativo.com.mx\/?p=26815","title":{"rendered":"Gestiona Diputada jornada de mastograf\u00edas gratuitas para trabajadoras del Congreso"},"content":{"rendered":"\n<p><strong>*Contin\u00faa Adriana Esther Mart\u00ednez impulsando acciones para el cuidado de la salud del personal y de sus familias.<\/strong><\/p>\n\n\n\n<p>Xalapa, Ver.- Como parte del Programa Anual de Trabajo de la Comisi\u00f3n Permanente de Salud y Asistencia, presidida por la diputada Adriana Esther Mart\u00ednez S\u00e1nchez, este 4 de mayo, se realiz\u00f3 la Jornada de Salud para trabajadoras y trabajadores del Congreso del Estado y sus familias, con estudios de mastograf\u00edas, densitometr\u00eda \u00f3sea y electrocardiogramas, con el apoyo de la Secretar\u00eda de Salud estatal.<\/p>\n\n\n\n<p>Ante la presidenta de la Mesa Directiva de la LXVI Legislatura del Estado, diputada Cecilia Guevara, y el titular de dicha dependencia y de los Servicios de Salud de Veracruz, Roberto Ramos Alor, la legisladora Mart\u00ednez S\u00e1nchez dijo que, con motivo del D\u00eda de las Madres, la Comisi\u00f3n que preside decidi\u00f3 llevar a cabo esta jornada, a fin de que las mujeres trabajadoras y sus familias puedan realizarse estos estudios, porque \u2013record\u00f3- todo diagn\u00f3stico a tiempo siempre ser\u00e1 fundamental para el tratamiento adecuado.<\/p>\n\n\n\n<p>Asimismo, explic\u00f3 que, conscientes de que el cuidado de la salud de las y los trabajadores es fundamental para un \u00f3ptimo rendimiento laboral, la Comisi\u00f3n legislativa realiza de tres a cuatro jornadas de salud al a\u00f1o en distintos ramos como nutrici\u00f3n, prevenci\u00f3n de enfermedades y diversos estudios, con el apoyo del Servicio M\u00e9dico del Congreso local, a cargo de la doctora Claudia del Rosario Garc\u00eda P\u00e9rez.<\/p>\n\n\n\n<p>En su intervenci\u00f3n, la diputada Cecilia Guevara destac\u00f3 las acciones preventivas en materia de salud y subray\u00f3 que ella, desde hace m\u00e1s de diez a\u00f1os, es Presidenta Honoraria del Hospital Regional de Poza Rica, lo que le ha permitido vivir de cerca temas de salud con las familias \u201cy me consta que es muy importante prevenir y detectar a tiempo cualquier circunstancia\u201d.<\/p>\n\n\n\n<p>Agreg\u00f3 que, tanto en el c\u00e1ncer como en muchas otras enfermedades, es necesario atenderse a tiempo y, sobre todo, las mujeres, que en muchos casos, por cuestiones de tiempo o de trabajo, no lo hacen. \u201cNo se debe olvidar que las mujeres somos el 50 por ciento de la poblaci\u00f3n, pero tambi\u00e9n somos madres del otro 50 por ciento, por lo que aprovecho para enviar una c\u00e1lida felicitaci\u00f3n por el D\u00eda de las Madres a todas\u201d, expres\u00f3.<\/p>\n\n\n\n<p>Posteriormente, el secretario Roberto Ramos Alor habl\u00f3 sobre la fase endemica del coronavirus y detall\u00f3 que la acertada estrategia de los gobiernos federal y estatal dio como resultado que los \u00edndices de mortandad descendieran y que algunas medidas como el uso del cubrebocas puedan quedar a juicio de cada persona.<\/p>\n\n\n\n<p>Dijo que la vacunaci\u00f3n masiva fue el instrumento b\u00e1sico para pasar a esta fase, por lo que reconoci\u00f3 el trabajo realizado por el personal sanitario para llegar a las zonas m\u00e1s alejadas y aplicar el biol\u00f3gico a toda la poblaci\u00f3n, especialmente a la m\u00e1s vulnerable.<\/p>\n\n\n\n<p>Al evento, realizado en la explanada del Palacio Legislativo, acudieron los diputados Marco Antonio Mart\u00ednez Amador, Sergio Lenin Guzm\u00e1n Ricardez, Genaro Ib\u00e1\u00f1ez Mart\u00ednez y Jos\u00e9 Magdaleno Rosales Torres.<\/p>\n","protected":false},"excerpt":{"rendered":"<p>*Contin\u00faa Adriana Esther Mart\u00ednez impulsando acciones para el cuidado de la salud del personal y de sus familias. Xalapa, Ver.- Como parte del Programa Anual de Trabajo de la Comisi\u00f3n Permanente de Salud y Asistencia, presidida por la diputada Adriana Esther Mart\u00ednez S\u00e1nchez, este 4 de mayo, se realiz\u00f3 la Jornada de Salud para trabajadoras [&hellip;]<\/p>\n","protected":false},"author":1,"featured_media":26816,"comment_status":"open","ping_status":"open","sticky":false,"template":"","format":"standard","meta":{"_jetpack_memberships_contains_paid_content":false,"footnotes":""},"categories":[9],"tags":[],"class_list":["post-26815","post","type-post","status-publish","format-standard","has-post-thumbnail","hentry","category-salud"],"jetpack_featured_media_url":"https:\/\/encuentroinformativo.com.mx\/wp-content\/uploads\/2022\/05\/3576206B-F4CB-4103-80AA-C7BEE35DB13B.jpeg","jetpack_sharing_enabled":true,"jetpack_likes_enabled":true,"amp_enabled":true,"_links":{"self":[{"href":"https:\/\/encuentroinformativo.com.mx\/index.php?rest_route=\/wp\/v2\/posts\/26815","targetHints":{"allow":["GET"]}}],"collection":[{"href":"https:\/\/encuentroinformativo.com.mx\/index.php?rest_route=\/wp\/v2\/posts"}],"about":[{"href":"https:\/\/encuentroinformativo.com.mx\/index.php?rest_route=\/wp\/v2\/types\/post"}],"author":[{"embeddable":true,"href":"https:\/\/encuentroinformativo.com.mx\/index.php?rest_route=\/wp\/v2\/users\/1"}],"replies":[{"embeddable":true,"href":"https:\/\/encuentroinformativo.com.mx\/index.php?rest_route=%2Fwp%2Fv2%2Fcomments&post=26815"}],"version-history":[{"count":1,"href":"https:\/\/encuentroinformativo.com.mx\/index.php?rest_route=\/wp\/v2\/posts\/26815\/revisions"}],"predecessor-version":[{"id":26817,"href":"https:\/\/encuentroinformativo.com.mx\/index.php?rest_route=\/wp\/v2\/posts\/26815\/revisions\/26817"}],"wp:featuredmedia":[{"embeddable":true,"href":"https:\/\/encuentroinformativo.com.mx\/index.php?rest_route=\/wp\/v2\/media\/26816"}],"wp:attachment":[{"href":"https:\/\/encuentroinformativo.com.mx\/index.php?rest_route=%2Fwp%2Fv2%2Fmedia&parent=26815"}],"wp:term":[{"taxonomy":"category","embeddable":true,"href":"https:\/\/encuentroinformativo.com.mx\/index.php?rest_route=%2Fwp%2Fv2%2Fcategories&post=26815"},{"taxonomy":"post_tag","embeddable":true,"href":"https:\/\/encuentroinformativo.com.mx\/index.php?rest_route=%2Fwp%2Fv2%2Ftags&post=26815"}],"curies":[{"name":"wp","href":"https:\/\/api.w.org\/{rel}","templated":true}]}}