{"id":26824,"date":"2022-05-05T09:05:05","date_gmt":"2022-05-05T14:05:05","guid":{"rendered":"https:\/\/encuentroinformativo.com.mx\/?p=26824"},"modified":"2022-05-05T09:05:07","modified_gmt":"2022-05-05T14:05:07","slug":"checo-krispis","status":"publish","type":"post","link":"https:\/\/encuentroinformativo.com.mx\/?p=26824","title":{"rendered":"Checo Krispis!"},"content":{"rendered":"\n<p><strong>Los Pol\u00edticos<\/strong><\/p>\n\n\n\n<p><strong>Salvador Mu\u00f1oz<\/strong><\/p>\n\n\n\n<p>Ya s\u00f3lo falta que salga en las cajitas de cereal\u2026 \u00a1se le ve hasta en la sopa!<\/p>\n\n\n\n<p>As\u00ed se expresa una amiga respecto al diputado Sergio Guti\u00e9rrez Luna.<\/p>\n\n\n\n<p>La Mujer me cuenta que vio un espectacular con la estampa de Sergio Guti\u00e9rrez Luna en el puente de L\u00e1zaro C\u00e1rdenas, bajando a un costado de la unidad Pomona, en Xalapa\u2026 otra amiga me dice que la zona conurbada Veracruz-Boca del R\u00edo no se escapa de eso\u2026<\/p>\n\n\n\n<p>El mismo pluri-secretario de Gobierno (de nombre, porque no ejerce), desde que lo descalifica, coloca en todos los escenarios posibles a Sergio Guti\u00e9rrez Luna \u2026 se\u00f1al inequ\u00edvoca de que le ve tama\u00f1o para lo que sea\u2026<\/p>\n\n\n\n<p>\u00a1Vamos! Para que el presidente del PRI, Marlon Ram\u00edrez Mar\u00edn, se ocupara de la persona de Sergio Guti\u00e9rrez Luna, hace que uno vuelva a la cajita de cereal o a la sopa\u2026<\/p>\n\n\n\n<p>No es para menos\u2026 es de los pocos morenos que saben el ejercicio de la pol\u00edtica a la izquierda y al rev\u00e9s (no al derecho y al rev\u00e9s)&#8230; \u201cMuestra seguridad y empat\u00eda con sus interlocutores, ya sean periodistas, otros pol\u00edticos o electores. Siempre saluda de modo afable y firme. Es de los pocos pol\u00edticos mexicanos que usa los recursos del storytelling y los soundbites\u201d.<\/p>\n\n\n\n<p>Por otra parte, \u201cel tono de su comunicaci\u00f3n es formal y, a la vez, amistoso. Adicionalmente, en el modo de organizaci\u00f3n de sus discursos utiliza todas las opciones posibles: narrativo, argumentativo, expositivo y descriptivo. Y lo hace siempre seg\u00fan es m\u00e1s oportuno para el tema del que est\u00e1 hablando. Esto repercute de modo eficaz en dos elementos clave para un pol\u00edtico: la emoci\u00f3n y persuasi\u00f3n a sus interlocutores\u201d.<\/p>\n\n\n\n<p>Los dos p\u00e1rrafos anteriores no son m\u00edos, sino parte de la caja de cereal y la sopa donde en todos lados aparece Sergio Guti\u00e9rrez Luna\u2026 me encontr\u00e9 L\u00edderes Mexicanos, la famosa revista que anduvo de la Ceca a al Meca por todo Veracruz v\u00eda espectaculares con la imagen del diputado nativo de Minatitl\u00e1n.<\/p>\n\n\n\n<p>Son dos segmentos que la revista dedica al veracruzano.<\/p>\n\n\n\n<p>Por un lado, un an\u00e1lisis de Comunicaci\u00f3n e Imagen Profesional v\u00eda Justo Grau Sartorial, con 20 a\u00f1os de experiencia como asesor de imagen para figuras p\u00fablicas como gobernantes, empresarios y l\u00edderes de opini\u00f3n adem\u00e1s de ser propietario de la firma de alta costura que lleva su nombre, con la que viste a pol\u00edticos, abogados y empresarios de M\u00e9xico, Estados Unidos y Espa\u00f1a.<\/p>\n\n\n\n<p>Quiz\u00e1s por eso, este asesor considera que Sergio Guti\u00e9rrez debe enfocarse en uno o tres puntos de su vestimenta, pues considera que en lo formal, usa con frecuencia colores que identifican a otros partidos pol\u00edticos\u2026 creo que se refiere al azul. De acuerdo a las fotos que obtuvo del diputado, Justo Grau cree que el de Minatitl\u00e1n deber\u00eda optar por colores c\u00e1lidos o una combinaci\u00f3n con fr\u00edos. Agrega que el dise\u00f1o y hechura de sus prendas formales puede mejorarse. \u201cEs un hombre muy corpulento y el tipo de solapas de saco que usa, as\u00ed como la hechura general, deber\u00eda adaptarse m\u00e1s a sus caracter\u00edsticas morfol\u00f3gicas\u201d. Le da una palomita a su vestimenta informal, \u201ctanto en tipo de prendas como en los colores seleccionados\u201d, por lo que considera que en general, transmite formalidad, cercan\u00eda y profesionalismo.<\/p>\n\n\n\n<p>En entrevista con David Cede\u00f1o Casillas, el de Minatitl\u00e1n habla del papel que como Presidente de la Mesa Directiva de la C\u00e1mara de Diputados desempe\u00f1a: \u201csumar los esfuerzos colectivos de la C\u00e1mara, obviamente teniendo en cuenta los objetivos que tiene su partido. Para lograr amalgamar estas dos variables que no siempre se encuentran en la misma p\u00e1gina\u201d; Sergio define su labor en la b\u00fasqueda de un balance que \u201cse ve en dos momentos, uno es el \u00e1mbito cuando funges como presidente, en las sesiones, en actos protocolarios, en la conducci\u00f3n de la Mesa Directiva; y otro momento es cuando como diputado posicionas una agenda o una opini\u00f3n de temas espec\u00edficos\u201d&#8230;<\/p>\n\n\n\n<p>Claro que no pod\u00eda dejar de tocarse el tema de Veracruz al que no pierde de vista, \u201crecorriendo ejidos, territorios y conociendo las problem\u00e1ticas y las realidades de primera mano, para poder impactar de manera m\u00e1s efectiva si es que su proyecto lo lleva a una gubernatura en esa regi\u00f3n\u201d; ante esto, respondi\u00f3: \u201cEstar en la oficina es una cosa, ir ya a territorios es diferente. Para m\u00ed ha sido bastante positivo e interesante porque he venido aprendiendo, y tambi\u00e9n te va permitiendo generar tu visi\u00f3n de c\u00f3mo dirigirlo en el ejercicio p\u00fablico\u201d. Pero antes de adelantar pron\u00f3sticos, es importante tener en cuenta un Proyecto de Naci\u00f3n, proyecto que desde el cargo que ahora lleva el abogado Guti\u00e9rrez Luna, se interpreta muy concretamente: \u201cgarantizar los recursos para las obras y proyectos que tenemos, y concluir las reformas que tenemos pendientes en nuestra agenda, especialmente en la primera parte del sexenio\u201d.<\/p>\n\n\n\n<p>As\u00ed, a como van las cosas, mi amiga tenga raz\u00f3n y en una de \u00e9sas tenemos \u00a1Checo Krispis! \u00a1En la cajita del cereal!<\/p>\n\n\n\n<p><a href=\"mailto:smcainito@gmail.com\" target=\"_blank\" rel=\"noreferrer noopener\">smcainito@gmail.com<\/a><\/p>\n","protected":false},"excerpt":{"rendered":"<p>Los Pol\u00edticos Salvador Mu\u00f1oz Ya s\u00f3lo falta que salga en las cajitas de cereal\u2026 \u00a1se le ve hasta en la sopa! As\u00ed se expresa una amiga respecto al diputado Sergio Guti\u00e9rrez Luna. La Mujer me cuenta que vio un espectacular con la estampa de Sergio Guti\u00e9rrez Luna en el puente de L\u00e1zaro C\u00e1rdenas, bajando a [&hellip;]<\/p>\n","protected":false},"author":1,"featured_media":387,"comment_status":"open","ping_status":"open","sticky":false,"template":"","format":"standard","meta":{"_jetpack_memberships_contains_paid_content":false,"footnotes":""},"categories":[11],"tags":[],"class_list":["post-26824","post","type-post","status-publish","format-standard","has-post-thumbnail","hentry","category-opinion"],"jetpack_featured_media_url":"https:\/\/encuentroinformativo.com.mx\/wp-content\/uploads\/2020\/03\/7CF8A22B-2764-47BE-8F7F-38FE9E5D6A2F.jpeg","jetpack_sharing_enabled":true,"jetpack_likes_enabled":true,"amp_enabled":true,"_links":{"self":[{"href":"https:\/\/encuentroinformativo.com.mx\/index.php?rest_route=\/wp\/v2\/posts\/26824","targetHints":{"allow":["GET"]}}],"collection":[{"href":"https:\/\/encuentroinformativo.com.mx\/index.php?rest_route=\/wp\/v2\/posts"}],"about":[{"href":"https:\/\/encuentroinformativo.com.mx\/index.php?rest_route=\/wp\/v2\/types\/post"}],"author":[{"embeddable":true,"href":"https:\/\/encuentroinformativo.com.mx\/index.php?rest_route=\/wp\/v2\/users\/1"}],"replies":[{"embeddable":true,"href":"https:\/\/encuentroinformativo.com.mx\/index.php?rest_route=%2Fwp%2Fv2%2Fcomments&post=26824"}],"version-history":[{"count":1,"href":"https:\/\/encuentroinformativo.com.mx\/index.php?rest_route=\/wp\/v2\/posts\/26824\/revisions"}],"predecessor-version":[{"id":26825,"href":"https:\/\/encuentroinformativo.com.mx\/index.php?rest_route=\/wp\/v2\/posts\/26824\/revisions\/26825"}],"wp:featuredmedia":[{"embeddable":true,"href":"https:\/\/encuentroinformativo.com.mx\/index.php?rest_route=\/wp\/v2\/media\/387"}],"wp:attachment":[{"href":"https:\/\/encuentroinformativo.com.mx\/index.php?rest_route=%2Fwp%2Fv2%2Fmedia&parent=26824"}],"wp:term":[{"taxonomy":"category","embeddable":true,"href":"https:\/\/encuentroinformativo.com.mx\/index.php?rest_route=%2Fwp%2Fv2%2Fcategories&post=26824"},{"taxonomy":"post_tag","embeddable":true,"href":"https:\/\/encuentroinformativo.com.mx\/index.php?rest_route=%2Fwp%2Fv2%2Ftags&post=26824"}],"curies":[{"name":"wp","href":"https:\/\/api.w.org\/{rel}","templated":true}]}}