{"id":26834,"date":"2022-05-05T13:37:55","date_gmt":"2022-05-05T18:37:55","guid":{"rendered":"https:\/\/encuentroinformativo.com.mx\/?p=26834"},"modified":"2022-05-05T13:37:58","modified_gmt":"2022-05-05T18:37:58","slug":"prd-sigue-en-pie-afirma-sergio-cadena","status":"publish","type":"post","link":"https:\/\/encuentroinformativo.com.mx\/?p=26834","title":{"rendered":"PRD sigue en pie, afirma Sergio Cadena"},"content":{"rendered":"\n<p><strong>*Celebran 33 aniversario de la fundaci\u00f3n del partido del Sol Azteca.<\/strong><\/p>\n\n\n\n<p>Xalapa, Ver.- El Presidente de la Direcci\u00f3n Ejecutiva Estatal del PRD en Veracruz, Sergio Cadena Mart\u00ednez, celebr\u00f3 el 33\u00b0 aniversario del Partido con un acto conmemorativo en el monumento de Heberto Castillo en la ciudad de Xalapa.<\/p>\n\n\n\n<p>Acompa\u00f1ado del diputado federal Jes\u00fas Vel\u00e1zquez y los secretarios de la Direcci\u00f3n Estatal, resalt\u00f3 que el Sol Azteca seguir\u00e1 al pie de lucha por las causas sociales del pa\u00eds.<\/p>\n\n\n\n<p>\u201cNos ha tocado, en ocasiones poner los muertos, poner los presos pol\u00edticos, pero aun as\u00ed y a pesar de todas las circunstancias, nosotros no nos vamos a doblar, nosotros vamos a seguir en la lucha\u201d.<\/p>\n\n\n\n<p>Cadena Mart\u00ednez reiter\u00f3 que mientras haya que luchar por la democracia, seguir\u00e1 el PRD, pues no permitir\u00e1n que el pa\u00eds y todo lo que se construy\u00f3 en \u00e9l se acabe por una decisi\u00f3n imperialista.<\/p>\n\n\n\n<p>Hizo hincapi\u00e9 en que el Partido est\u00e1 m\u00e1s vivo que nunca, y reconoci\u00f3 la labor que realiz\u00f3 el ingeniero Heberto Castillo, siendo un l\u00edder que ense\u00f1\u00f3 que por encima de los intereses personales est\u00e1n los interese de los ciudadanos.<\/p>\n\n\n\n<p>\u201cAgradezco a Heberto Castillo, el legado que nos dej\u00f3 y nos corresponde a cada uno de nosotros, pregonar con ese ejemplo, de hombre \u00edntegro, hombre entregado a las causas de la gente\u201d.<\/p>\n\n\n\n<p>Por \u00faltimo, pidi\u00f3 a los perredistas no bajar la guardia, pues el d\u00eda que el PRD deje de alzar la voz, habr\u00e1 dictadura en M\u00e9xico.<\/p>\n\n\n\n<p><\/p>\n","protected":false},"excerpt":{"rendered":"<p>*Celebran 33 aniversario de la fundaci\u00f3n del partido del Sol Azteca. Xalapa, Ver.- El Presidente de la Direcci\u00f3n Ejecutiva Estatal del PRD en Veracruz, Sergio Cadena Mart\u00ednez, celebr\u00f3 el 33\u00b0 aniversario del Partido con un acto conmemorativo en el monumento de Heberto Castillo en la ciudad de Xalapa. Acompa\u00f1ado del diputado federal Jes\u00fas Vel\u00e1zquez y [&hellip;]<\/p>\n","protected":false},"author":1,"featured_media":26835,"comment_status":"open","ping_status":"open","sticky":false,"template":"","format":"standard","meta":{"_jetpack_memberships_contains_paid_content":false,"footnotes":""},"categories":[2],"tags":[],"class_list":["post-26834","post","type-post","status-publish","format-standard","has-post-thumbnail","hentry","category-estado"],"jetpack_featured_media_url":"https:\/\/encuentroinformativo.com.mx\/wp-content\/uploads\/2022\/05\/A20BAE2B-72A4-4951-80D4-1FE12F915F23.jpeg","jetpack_sharing_enabled":true,"jetpack_likes_enabled":true,"amp_enabled":true,"_links":{"self":[{"href":"https:\/\/encuentroinformativo.com.mx\/index.php?rest_route=\/wp\/v2\/posts\/26834","targetHints":{"allow":["GET"]}}],"collection":[{"href":"https:\/\/encuentroinformativo.com.mx\/index.php?rest_route=\/wp\/v2\/posts"}],"about":[{"href":"https:\/\/encuentroinformativo.com.mx\/index.php?rest_route=\/wp\/v2\/types\/post"}],"author":[{"embeddable":true,"href":"https:\/\/encuentroinformativo.com.mx\/index.php?rest_route=\/wp\/v2\/users\/1"}],"replies":[{"embeddable":true,"href":"https:\/\/encuentroinformativo.com.mx\/index.php?rest_route=%2Fwp%2Fv2%2Fcomments&post=26834"}],"version-history":[{"count":1,"href":"https:\/\/encuentroinformativo.com.mx\/index.php?rest_route=\/wp\/v2\/posts\/26834\/revisions"}],"predecessor-version":[{"id":26836,"href":"https:\/\/encuentroinformativo.com.mx\/index.php?rest_route=\/wp\/v2\/posts\/26834\/revisions\/26836"}],"wp:featuredmedia":[{"embeddable":true,"href":"https:\/\/encuentroinformativo.com.mx\/index.php?rest_route=\/wp\/v2\/media\/26835"}],"wp:attachment":[{"href":"https:\/\/encuentroinformativo.com.mx\/index.php?rest_route=%2Fwp%2Fv2%2Fmedia&parent=26834"}],"wp:term":[{"taxonomy":"category","embeddable":true,"href":"https:\/\/encuentroinformativo.com.mx\/index.php?rest_route=%2Fwp%2Fv2%2Fcategories&post=26834"},{"taxonomy":"post_tag","embeddable":true,"href":"https:\/\/encuentroinformativo.com.mx\/index.php?rest_route=%2Fwp%2Fv2%2Ftags&post=26834"}],"curies":[{"name":"wp","href":"https:\/\/api.w.org\/{rel}","templated":true}]}}