{"id":2684,"date":"2020-05-20T12:50:04","date_gmt":"2020-05-20T17:50:04","guid":{"rendered":"https:\/\/encuentroinformativo.com\/?p=2684"},"modified":"2020-05-20T12:50:07","modified_gmt":"2020-05-20T17:50:07","slug":"acusan-convocatoria-escueta-para-nuevos-consejeros-del-ivai","status":"publish","type":"post","link":"https:\/\/encuentroinformativo.com.mx\/?p=2684","title":{"rendered":"Acusan convocatoria \u201cescueta\u201d para nuevos consejeros del IVAI"},"content":{"rendered":"\n<p><strong>Dar\u00edo Pale <\/strong><\/p>\n\n\n\n<p>Xalapa, Ver.- El aspirante a comisionado del Instituto Veracruzano de Acceso a la Informaci\u00f3n (IVAI), Jos\u00e9 Luis Huesca Hern\u00e1ndez dio a conocer que la convocatoria para designar a los comisionados esta muy \u201cescueta\u201d y no es muy clara.<\/p>\n\n\n\n<p>En conferencia de prensa realizada en conocido caf\u00e9 del centro de Xalapa se\u00f1al\u00f3 que es importante que los ciudadanos que se formaron en la administraci\u00f3n p\u00fablica y conocen el tema de la transparencia, por lo que hace un llamado a los diputados para que en la selecci\u00f3n de las personas, sea por medio de un trabajo limpio sin conveniencias pol\u00edticas.<\/p>\n\n\n\n<p>Espera que no haya \u201cdedazo\u201d ya que quienes est\u00e1n participando esperan que se tome en cuenta la experiencia y el curr\u00edculum que tienen, como ejemplo dio a conocer que \u00e9l es contador por parte de la UV con especialidad en econom\u00eda financiera y una maestr\u00eda en ciencias administrativas, adem\u00e1s de que cuenta con diversos diplomados.<\/p>\n\n\n\n<p>Se\u00f1al\u00f3 que hay m\u00e1s de 40 mil solicitudes de informaci\u00f3n y 2 mil recursos de revisi\u00f3n incluso existen denuncias debido a que la instituci\u00f3n se niega a dar la informaci\u00f3n cuando es derecho del ciudadano conocer toda la informaci\u00f3n p\u00fablica.<\/p>\n\n\n\n<p>Coment\u00f3 que lo que hace falta es que las instituciones hagan lo que la ley dice y hacer p\u00fablica toda la informaci\u00f3n y que los funcionarios dejen de tener miedo y si algunos ganan m\u00e1s que el gobernador que ah\u00ed se muestre que est\u00e1n violando la ley.\u00a0<\/p>\n\n\n\n<p>Lament\u00f3 que la convocatoria sea muy \u201cescueta\u201d, no es muy clara, no da detalles de c\u00f3mo van a seleccionar al mejor candidato, no hay una puntuaci\u00f3n del curr\u00edculum de la experiencia y eso es muy sorprendente ya que es la comisi\u00f3n de transparencia.<\/p>\n\n\n\n<p>Finalmente se\u00f1al\u00f3 que como van a enterarse de que seleccionaron al mejor ya que solo se re\u00fanen ellos dan un informe y deciden quienes fue el mejor pero no en base a que, por lo que la convocatoria est\u00e1 mal planteada y no hay transparencia en ese sentido.\u00a0<\/p>\n\n\n\n<p><\/p>\n","protected":false},"excerpt":{"rendered":"<p>Dar\u00edo Pale Xalapa, Ver.- El aspirante a comisionado del Instituto Veracruzano de Acceso a la Informaci\u00f3n (IVAI), Jos\u00e9 Luis Huesca Hern\u00e1ndez dio a conocer que la convocatoria para designar a los comisionados esta muy \u201cescueta\u201d y no es muy clara. En conferencia de prensa realizada en conocido caf\u00e9 del centro de Xalapa se\u00f1al\u00f3 que es [&hellip;]<\/p>\n","protected":false},"author":1,"featured_media":2685,"comment_status":"open","ping_status":"open","sticky":false,"template":"","format":"standard","meta":{"_jetpack_memberships_contains_paid_content":false,"footnotes":""},"categories":[3],"tags":[],"class_list":["post-2684","post","type-post","status-publish","format-standard","has-post-thumbnail","hentry","category-xalapa"],"jetpack_featured_media_url":"https:\/\/encuentroinformativo.com.mx\/wp-content\/uploads\/2020\/05\/DB045AF0-FA6D-4479-A914-9149C9A208D8.jpeg","jetpack_sharing_enabled":true,"jetpack_likes_enabled":true,"amp_enabled":true,"_links":{"self":[{"href":"https:\/\/encuentroinformativo.com.mx\/index.php?rest_route=\/wp\/v2\/posts\/2684","targetHints":{"allow":["GET"]}}],"collection":[{"href":"https:\/\/encuentroinformativo.com.mx\/index.php?rest_route=\/wp\/v2\/posts"}],"about":[{"href":"https:\/\/encuentroinformativo.com.mx\/index.php?rest_route=\/wp\/v2\/types\/post"}],"author":[{"embeddable":true,"href":"https:\/\/encuentroinformativo.com.mx\/index.php?rest_route=\/wp\/v2\/users\/1"}],"replies":[{"embeddable":true,"href":"https:\/\/encuentroinformativo.com.mx\/index.php?rest_route=%2Fwp%2Fv2%2Fcomments&post=2684"}],"version-history":[{"count":1,"href":"https:\/\/encuentroinformativo.com.mx\/index.php?rest_route=\/wp\/v2\/posts\/2684\/revisions"}],"predecessor-version":[{"id":2686,"href":"https:\/\/encuentroinformativo.com.mx\/index.php?rest_route=\/wp\/v2\/posts\/2684\/revisions\/2686"}],"wp:featuredmedia":[{"embeddable":true,"href":"https:\/\/encuentroinformativo.com.mx\/index.php?rest_route=\/wp\/v2\/media\/2685"}],"wp:attachment":[{"href":"https:\/\/encuentroinformativo.com.mx\/index.php?rest_route=%2Fwp%2Fv2%2Fmedia&parent=2684"}],"wp:term":[{"taxonomy":"category","embeddable":true,"href":"https:\/\/encuentroinformativo.com.mx\/index.php?rest_route=%2Fwp%2Fv2%2Fcategories&post=2684"},{"taxonomy":"post_tag","embeddable":true,"href":"https:\/\/encuentroinformativo.com.mx\/index.php?rest_route=%2Fwp%2Fv2%2Ftags&post=2684"}],"curies":[{"name":"wp","href":"https:\/\/api.w.org\/{rel}","templated":true}]}}