{"id":26849,"date":"2022-05-05T17:46:39","date_gmt":"2022-05-05T22:46:39","guid":{"rendered":"https:\/\/encuentroinformativo.com.mx\/?p=26849"},"modified":"2022-05-05T17:46:43","modified_gmt":"2022-05-05T22:46:43","slug":"a-una-ciudad-con-buena-imagen-el-turismo-llega-solo-ricardo-ahued","status":"publish","type":"post","link":"https:\/\/encuentroinformativo.com.mx\/?p=26849","title":{"rendered":"A una ciudad con buena imagen el turismo llega solo: Ricardo Ahued"},"content":{"rendered":"\n<p><strong>*Vuelve la Orquesta Municipal al Patio Central del Palacio.<\/strong><\/p>\n\n\n\n<p>Xalapa, Ver.- Para que haya turismo tiene que haber una ciudad amigable, con buenas vialidades, seguridad e iluminaci\u00f3n. As\u00ed, el turismo llega solo, asegur\u00f3 el presidente municipal Ricardo Ahued Bardahuil.<\/p>\n\n\n\n<p>Dijo que aunado al programa de mejora de la imagen urbana, las direcciones de Turismo, Cultura y Deporte trabajan y desarrollan diferentes eventos para quienes nos visitan.<\/p>\n\n\n\n<p>Destac\u00f3 que ya hay registro de una reactivaci\u00f3n econ\u00f3mica dentro de los sectores hoteleros y restauranteros, quienes trabajan para dar una mejor atenci\u00f3n a quienes llegan a Xalapa a disfrutar de la m\u00fasica, el arte, la cultura y lo que ofrece la zona metropolitana.<\/p>\n\n\n\n<p>\u201cPor eso estamos trabajando, mejorando la imagen de la ciudad para que \u00e9ste sea un centro de bienvenida para las personas que visitan la regi\u00f3n\u201d.<\/p>\n\n\n\n<p>Finalmente, Ricardo Ahued anunci\u00f3 el regreso de la Orquesta Municipal al Patio Central del Palacio Municipal con un concierto con motivo del D\u00eda de las Madres, programado para el 11 de mayo a las 18:00 horas, como un atractivo m\u00e1s que se podr\u00e1 disfrutar de forma gratuita.<\/p>\n","protected":false},"excerpt":{"rendered":"<p>*Vuelve la Orquesta Municipal al Patio Central del Palacio. Xalapa, Ver.- Para que haya turismo tiene que haber una ciudad amigable, con buenas vialidades, seguridad e iluminaci\u00f3n. As\u00ed, el turismo llega solo, asegur\u00f3 el presidente municipal Ricardo Ahued Bardahuil. Dijo que aunado al programa de mejora de la imagen urbana, las direcciones de Turismo, Cultura [&hellip;]<\/p>\n","protected":false},"author":1,"featured_media":26850,"comment_status":"open","ping_status":"open","sticky":false,"template":"","format":"standard","meta":{"_jetpack_memberships_contains_paid_content":false,"footnotes":""},"categories":[3],"tags":[],"class_list":["post-26849","post","type-post","status-publish","format-standard","has-post-thumbnail","hentry","category-xalapa"],"jetpack_featured_media_url":"https:\/\/encuentroinformativo.com.mx\/wp-content\/uploads\/2022\/05\/53581E0F-3311-4244-847A-14AA50C3D592.jpeg","jetpack_sharing_enabled":true,"jetpack_likes_enabled":true,"amp_enabled":true,"_links":{"self":[{"href":"https:\/\/encuentroinformativo.com.mx\/index.php?rest_route=\/wp\/v2\/posts\/26849","targetHints":{"allow":["GET"]}}],"collection":[{"href":"https:\/\/encuentroinformativo.com.mx\/index.php?rest_route=\/wp\/v2\/posts"}],"about":[{"href":"https:\/\/encuentroinformativo.com.mx\/index.php?rest_route=\/wp\/v2\/types\/post"}],"author":[{"embeddable":true,"href":"https:\/\/encuentroinformativo.com.mx\/index.php?rest_route=\/wp\/v2\/users\/1"}],"replies":[{"embeddable":true,"href":"https:\/\/encuentroinformativo.com.mx\/index.php?rest_route=%2Fwp%2Fv2%2Fcomments&post=26849"}],"version-history":[{"count":1,"href":"https:\/\/encuentroinformativo.com.mx\/index.php?rest_route=\/wp\/v2\/posts\/26849\/revisions"}],"predecessor-version":[{"id":26851,"href":"https:\/\/encuentroinformativo.com.mx\/index.php?rest_route=\/wp\/v2\/posts\/26849\/revisions\/26851"}],"wp:featuredmedia":[{"embeddable":true,"href":"https:\/\/encuentroinformativo.com.mx\/index.php?rest_route=\/wp\/v2\/media\/26850"}],"wp:attachment":[{"href":"https:\/\/encuentroinformativo.com.mx\/index.php?rest_route=%2Fwp%2Fv2%2Fmedia&parent=26849"}],"wp:term":[{"taxonomy":"category","embeddable":true,"href":"https:\/\/encuentroinformativo.com.mx\/index.php?rest_route=%2Fwp%2Fv2%2Fcategories&post=26849"},{"taxonomy":"post_tag","embeddable":true,"href":"https:\/\/encuentroinformativo.com.mx\/index.php?rest_route=%2Fwp%2Fv2%2Ftags&post=26849"}],"curies":[{"name":"wp","href":"https:\/\/api.w.org\/{rel}","templated":true}]}}