{"id":26855,"date":"2022-05-05T20:12:55","date_gmt":"2022-05-06T01:12:55","guid":{"rendered":"https:\/\/encuentroinformativo.com.mx\/?p=26855"},"modified":"2022-05-05T20:12:58","modified_gmt":"2022-05-06T01:12:58","slug":"celebran-63-aniversario-del-mercado-jauregui","status":"publish","type":"post","link":"https:\/\/encuentroinformativo.com.mx\/?p=26855","title":{"rendered":"Celebran 63 aniversario del mercado J\u00e1uregui"},"content":{"rendered":"\n<p>Xalapa, Ver.- Un di\u00e1logo permanente y atenci\u00f3n de puertas abiertas para resolver las principales necesidades de los locatarios, ofreci\u00f3 el presidente municipal Ricardo Ahued Bardahuil durante la celebraci\u00f3n del 63 aniversario del mercado J\u00e1uregui.<\/p>\n\n\n\n<p>El Edil expuso que tras el incendio ocurrido en 1952, este mercado renaci\u00f3 para convertirse en un referente de la actividad comercial en el Centro Hist\u00f3rico, por lo que el Ayuntamiento trabajar\u00e1 de forma cercana con los comerciantes para contribuir a mejorar este espacio que en el futuro seguramente, continuar\u00e1 creciendo y evolucionando con el trabajo y compromiso de los locatarios.<\/p>\n\n\n\n<p>Como parte de la celebraci\u00f3n, el Presidente Municipal entreg\u00f3 reconocimientos a quienes llevan 30, 40 y 50 a\u00f1os de trabajar en este mercado que fue reinaugurado en 1959.<\/p>\n\n\n\n<p>Asistieron la regidora Helen Sarmiento Ja\u00e9n y los regidores An\u00edbal Pacheco L\u00f3pez, Diego David Florescano P\u00e9rez, Mart\u00edn Victoriano Espinoza Rold\u00e1n, as\u00ed como el director de Desarrollo Econ\u00f3mico, Alberto Romero Guti\u00e9rrez y la alcaldesa de Tlalnelhuayocan, Fany Mu\u00f1oz Alonso.<\/p>\n\n\n\n<p>Tambi\u00e9n la secretaria de Trabajo,Previsi\u00f3n Social y Productividad, Dorheny Garc\u00eda Cayetano; dirigentes sindicales, locatarios del mercado J\u00e1uregui, as\u00ed como funcionariado estatal y municipal.<\/p>\n","protected":false},"excerpt":{"rendered":"<p>Xalapa, Ver.- Un di\u00e1logo permanente y atenci\u00f3n de puertas abiertas para resolver las principales necesidades de los locatarios, ofreci\u00f3 el presidente municipal Ricardo Ahued Bardahuil durante la celebraci\u00f3n del 63 aniversario del mercado J\u00e1uregui. El Edil expuso que tras el incendio ocurrido en 1952, este mercado renaci\u00f3 para convertirse en un referente de la actividad [&hellip;]<\/p>\n","protected":false},"author":1,"featured_media":26856,"comment_status":"open","ping_status":"open","sticky":false,"template":"","format":"standard","meta":{"_jetpack_memberships_contains_paid_content":false,"footnotes":""},"categories":[3],"tags":[],"class_list":["post-26855","post","type-post","status-publish","format-standard","has-post-thumbnail","hentry","category-xalapa"],"jetpack_featured_media_url":"https:\/\/encuentroinformativo.com.mx\/wp-content\/uploads\/2022\/05\/03A464BC-4763-4AA2-A0A1-608EF224C609.jpeg","jetpack_sharing_enabled":true,"jetpack_likes_enabled":true,"amp_enabled":true,"_links":{"self":[{"href":"https:\/\/encuentroinformativo.com.mx\/index.php?rest_route=\/wp\/v2\/posts\/26855","targetHints":{"allow":["GET"]}}],"collection":[{"href":"https:\/\/encuentroinformativo.com.mx\/index.php?rest_route=\/wp\/v2\/posts"}],"about":[{"href":"https:\/\/encuentroinformativo.com.mx\/index.php?rest_route=\/wp\/v2\/types\/post"}],"author":[{"embeddable":true,"href":"https:\/\/encuentroinformativo.com.mx\/index.php?rest_route=\/wp\/v2\/users\/1"}],"replies":[{"embeddable":true,"href":"https:\/\/encuentroinformativo.com.mx\/index.php?rest_route=%2Fwp%2Fv2%2Fcomments&post=26855"}],"version-history":[{"count":1,"href":"https:\/\/encuentroinformativo.com.mx\/index.php?rest_route=\/wp\/v2\/posts\/26855\/revisions"}],"predecessor-version":[{"id":26857,"href":"https:\/\/encuentroinformativo.com.mx\/index.php?rest_route=\/wp\/v2\/posts\/26855\/revisions\/26857"}],"wp:featuredmedia":[{"embeddable":true,"href":"https:\/\/encuentroinformativo.com.mx\/index.php?rest_route=\/wp\/v2\/media\/26856"}],"wp:attachment":[{"href":"https:\/\/encuentroinformativo.com.mx\/index.php?rest_route=%2Fwp%2Fv2%2Fmedia&parent=26855"}],"wp:term":[{"taxonomy":"category","embeddable":true,"href":"https:\/\/encuentroinformativo.com.mx\/index.php?rest_route=%2Fwp%2Fv2%2Fcategories&post=26855"},{"taxonomy":"post_tag","embeddable":true,"href":"https:\/\/encuentroinformativo.com.mx\/index.php?rest_route=%2Fwp%2Fv2%2Ftags&post=26855"}],"curies":[{"name":"wp","href":"https:\/\/api.w.org\/{rel}","templated":true}]}}