{"id":26858,"date":"2022-05-05T20:15:53","date_gmt":"2022-05-06T01:15:53","guid":{"rendered":"https:\/\/encuentroinformativo.com.mx\/?p=26858"},"modified":"2022-05-05T20:15:57","modified_gmt":"2022-05-06T01:15:57","slug":"la-unidad-es-la-clave-para-el-mejoramiento-de-boca-del-rio-alcalde-jm-unanue","status":"publish","type":"post","link":"https:\/\/encuentroinformativo.com.mx\/?p=26858","title":{"rendered":"La unidad, es la clave para el mejoramiento de Boca del R\u00edo: Alcalde JM Un\u00e1nue"},"content":{"rendered":"\n<p><strong>*<em>Este jueves se llev\u00f3 a cabo el acto c\u00edvico conmemorativo por el 160 Aniversario de la Batalla de Puebla.<\/em><\/strong><\/p>\n\n\n\n<p>Boca del R\u00edo, Ver.- \u201cLa Batalla de Puebla nos recuerda la grandeza y fortaleza de nuestra querida naci\u00f3n\u201d, destac\u00f3 el alcalde de Boca del R\u00edo, Juan Manuel Un\u00e1nue Abascal, al encabezar el acto c\u00edvico conmemorativo al 5 de Mayo.<\/p>\n\n\n\n<p>La Plaza C\u00edvica Benito Ju\u00e1rez, reuni\u00f3 a las autoridades municipales, navales y militares, donde enfatizaron el recordatorio de nunca olvidar que todos defendemos la misma bandera y la misma patria.<\/p>\n\n\n\n<p>El Presidente Municipal dijo que hoy m\u00e1s que nunca, est\u00e1 convencido de que la unidad, es el \u00fanico camino para hacer frente a cualquier reto o desaf\u00edo, y en este sentido, la conmemoraci\u00f3n de esta fecha tan importante, es la confirmaci\u00f3n de nuestra identidad patri\u00f3tica frente a las adversidades.<\/p>\n\n\n\n<p>Por ello, Un\u00e1nue Abascal, mand\u00f3 un mensaje al pueblo boque\u00f1o, \u201cestamos impulsando aquel anhelo de crecimiento y defensa de una ciudad mejor y lo estamos logrando, porque gracias al empe\u00f1o y dedicaci\u00f3n seguiremos afianzado a Boca del R\u00edo como lo Mejor de Veracruz\u201d.<\/p>\n\n\n\n<p>Y apunt\u00f3, \u201ces por ello que, en mi gobierno, trabajamos todos los d\u00edas con ese mismo objetivo, teniendo claro que, en la unidad, es la clave para el mejoramiento del municipio, para que todas las personas puedan constatar el trabajo en equipo y el avance constante de nuestra ciudad\u201d.<\/p>\n\n\n\n<p>Con la atenci\u00f3n de directores de \u00e1reas y personal del Ayuntamiento de Boca del R\u00edo, qued\u00f3 manifestado, que una de las m\u00e1s grandes fortalezas de M\u00e9xico es la unidad nacional.<\/p>\n\n\n\n<p>Con respeto y honores, se record\u00f3 a quienes dieron su vida por defender a la Patria, sin importar su origen o clase social. Destac\u00f3 el edil, que en la actualidad M\u00e9xico vive momentos decisivos, por lo que es importante no olvidar que el pueblo mexicano es uno mismo.<\/p>\n\n\n\n<p>\u201cSobre todo para reconocer que, desde las diferencias y la pluralidad de pensamiento, podemos avanzar en la construcci\u00f3n de una patria justa, ordenada y generosa\u201d, a\u00f1adi\u00f3.<\/p>\n","protected":false},"excerpt":{"rendered":"<p>*Este jueves se llev\u00f3 a cabo el acto c\u00edvico conmemorativo por el 160 Aniversario de la Batalla de Puebla. Boca del R\u00edo, Ver.- \u201cLa Batalla de Puebla nos recuerda la grandeza y fortaleza de nuestra querida naci\u00f3n\u201d, destac\u00f3 el alcalde de Boca del R\u00edo, Juan Manuel Un\u00e1nue Abascal, al encabezar el acto c\u00edvico conmemorativo al [&hellip;]<\/p>\n","protected":false},"author":1,"featured_media":26859,"comment_status":"open","ping_status":"open","sticky":false,"template":"","format":"standard","meta":{"_jetpack_memberships_contains_paid_content":false,"footnotes":""},"categories":[2],"tags":[],"class_list":["post-26858","post","type-post","status-publish","format-standard","has-post-thumbnail","hentry","category-estado"],"jetpack_featured_media_url":"https:\/\/encuentroinformativo.com.mx\/wp-content\/uploads\/2022\/05\/98F21B4A-98F2-44BB-9ABD-71A091B684AC.jpeg","jetpack_sharing_enabled":true,"jetpack_likes_enabled":true,"amp_enabled":true,"_links":{"self":[{"href":"https:\/\/encuentroinformativo.com.mx\/index.php?rest_route=\/wp\/v2\/posts\/26858","targetHints":{"allow":["GET"]}}],"collection":[{"href":"https:\/\/encuentroinformativo.com.mx\/index.php?rest_route=\/wp\/v2\/posts"}],"about":[{"href":"https:\/\/encuentroinformativo.com.mx\/index.php?rest_route=\/wp\/v2\/types\/post"}],"author":[{"embeddable":true,"href":"https:\/\/encuentroinformativo.com.mx\/index.php?rest_route=\/wp\/v2\/users\/1"}],"replies":[{"embeddable":true,"href":"https:\/\/encuentroinformativo.com.mx\/index.php?rest_route=%2Fwp%2Fv2%2Fcomments&post=26858"}],"version-history":[{"count":1,"href":"https:\/\/encuentroinformativo.com.mx\/index.php?rest_route=\/wp\/v2\/posts\/26858\/revisions"}],"predecessor-version":[{"id":26860,"href":"https:\/\/encuentroinformativo.com.mx\/index.php?rest_route=\/wp\/v2\/posts\/26858\/revisions\/26860"}],"wp:featuredmedia":[{"embeddable":true,"href":"https:\/\/encuentroinformativo.com.mx\/index.php?rest_route=\/wp\/v2\/media\/26859"}],"wp:attachment":[{"href":"https:\/\/encuentroinformativo.com.mx\/index.php?rest_route=%2Fwp%2Fv2%2Fmedia&parent=26858"}],"wp:term":[{"taxonomy":"category","embeddable":true,"href":"https:\/\/encuentroinformativo.com.mx\/index.php?rest_route=%2Fwp%2Fv2%2Fcategories&post=26858"},{"taxonomy":"post_tag","embeddable":true,"href":"https:\/\/encuentroinformativo.com.mx\/index.php?rest_route=%2Fwp%2Fv2%2Ftags&post=26858"}],"curies":[{"name":"wp","href":"https:\/\/api.w.org\/{rel}","templated":true}]}}