{"id":26863,"date":"2022-05-06T10:56:17","date_gmt":"2022-05-06T15:56:17","guid":{"rendered":"https:\/\/encuentroinformativo.com.mx\/?p=26863"},"modified":"2022-05-06T10:56:20","modified_gmt":"2022-05-06T15:56:20","slug":"registran-alta-afluencia-en-vacunacion-a-menores","status":"publish","type":"post","link":"https:\/\/encuentroinformativo.com.mx\/?p=26863","title":{"rendered":"Registran alta afluencia en vacunaci\u00f3n a menores"},"content":{"rendered":"\n<p><strong>Juan Arcos<\/strong><\/p>\n\n\n\n<p>Xalapa, Ver.- Una gran afluencia se registr\u00f3 en las sedes de vacunaci\u00f3n para la aplicaci\u00f3n de la primera dosis Pfizer contra Sars-Cov2 (Covid-19) a adolescentes mayores de 12 a\u00f1os en la ciudad de Xalapa.<\/p>\n\n\n\n<p>De acuerdo con la delegada regional de Programas de Bienestar en Xalapa, Aurora Castillo Reyes, ha sido muy buena la respuesta por parte de madres y padres de familia para vacunar a sus hijos contra el coronavirus.<\/p>\n\n\n\n<p>La funcionaria federal indic\u00f3 que se espera inmunizar a 16 mil adolescentes de entre 12 y 17 a\u00f1os durante este viernes y ma\u00f1ana s\u00e1bado 7 de mayo solo en la capital del estado.\u00a0<br>\u201cMuy buena respuesta desde muy temprano, los padres y madres de familia traen a sus ni\u00f1as, ni\u00f1os y adolescentes para vacunarlos con su primera dosis de la vacuna Pfizer\u201d, expres\u00f3.<\/p>\n\n\n\n<p>Las sedes fueron instaladas en el Complejo Deportivo Omega y en la Facultad de Medicina de la Universidad Veracruzana (UV), en un horario de ocho de la ma\u00f1ana a seis de la tarde.<\/p>\n\n\n\n<p>\u201cHacemos el llamado para que vengan a vacunarse en estos \u00fanicos d\u00edas. Es la hora de los ni\u00f1os, ni\u00f1as y adolescentes de 12 a\u00f1os cumplidos, en adelante. Tenemos una meta de 16 mil que nos visiten y hay muy buena afluencia\u201d, a\u00f1adi\u00f3 la delegada regional.<\/p>\n\n\n\n<p>La entrevistada detall\u00f3 que tambi\u00e9n fueron habilitadas tres sedes en la zona conturbada de Xalapa, en las localidades de Rinconada, Carrizal y Dos R\u00edos (a un costado del Palacio Municipal de Emiliano Zapata).<\/p>\n\n\n\n<p>Castillo Reyes indic\u00f3 que se valorar\u00e1 ampliar la vacunaci\u00f3n para dicho sector de la poblaci\u00f3n ante la buena respuesta que se ha registrado.<\/p>\n\n\n\n<p>En la ciudad de Xalapa se movilizaron 50 servidores de la naci\u00f3n, que se coordinan con las cuadrillas m\u00e9dicas del Instituto Mexicano del Seguro Social (IMSS), en las dos sedes de vacunaci\u00f3n.<\/p>\n\n\n\n<p>De manera simult\u00e1nea, la vacuna a adolescentes de 12 a\u00f1os ser\u00eda aplicada en los municipios de Veracruz, Boca del R\u00edo, Coatepec y otros municipios.<\/p>\n\n\n\n<p>El estado de Veracruz se mantiene en sem\u00e1foro epidemiol\u00f3gico color verde. Mientras que cuatro municipios est\u00e1n en sem\u00e1foro naranja, 29 en color amarillo y 179 en verde.<\/p>\n\n\n\n<figure class=\"wp-block-image size-large\"><img loading=\"lazy\" decoding=\"async\" width=\"1024\" height=\"683\" src=\"https:\/\/encuentroinformativo.com.mx\/wp-content\/uploads\/2022\/05\/5D3843CA-CB0A-4EC7-9AC9-754172F92B01-1024x683.jpeg\" alt=\"\" class=\"wp-image-26865\" srcset=\"https:\/\/encuentroinformativo.com.mx\/wp-content\/uploads\/2022\/05\/5D3843CA-CB0A-4EC7-9AC9-754172F92B01-1024x683.jpeg 1024w, https:\/\/encuentroinformativo.com.mx\/wp-content\/uploads\/2022\/05\/5D3843CA-CB0A-4EC7-9AC9-754172F92B01-300x200.jpeg 300w, https:\/\/encuentroinformativo.com.mx\/wp-content\/uploads\/2022\/05\/5D3843CA-CB0A-4EC7-9AC9-754172F92B01-768x512.jpeg 768w, https:\/\/encuentroinformativo.com.mx\/wp-content\/uploads\/2022\/05\/5D3843CA-CB0A-4EC7-9AC9-754172F92B01.jpeg 1488w\" sizes=\"auto, (max-width: 1024px) 100vw, 1024px\" \/><\/figure>\n\n\n\n<figure class=\"wp-block-image size-large\"><img loading=\"lazy\" decoding=\"async\" width=\"1024\" height=\"683\" src=\"https:\/\/encuentroinformativo.com.mx\/wp-content\/uploads\/2022\/05\/375BC55C-C39E-4505-9796-86B17CDFABB1-1024x683.jpeg\" alt=\"\" class=\"wp-image-26866\" srcset=\"https:\/\/encuentroinformativo.com.mx\/wp-content\/uploads\/2022\/05\/375BC55C-C39E-4505-9796-86B17CDFABB1-1024x683.jpeg 1024w, https:\/\/encuentroinformativo.com.mx\/wp-content\/uploads\/2022\/05\/375BC55C-C39E-4505-9796-86B17CDFABB1-300x200.jpeg 300w, https:\/\/encuentroinformativo.com.mx\/wp-content\/uploads\/2022\/05\/375BC55C-C39E-4505-9796-86B17CDFABB1-768x512.jpeg 768w, https:\/\/encuentroinformativo.com.mx\/wp-content\/uploads\/2022\/05\/375BC55C-C39E-4505-9796-86B17CDFABB1.jpeg 1488w\" sizes=\"auto, (max-width: 1024px) 100vw, 1024px\" \/><\/figure>\n\n\n\n<figure class=\"wp-block-image size-large\"><img loading=\"lazy\" decoding=\"async\" width=\"1024\" height=\"683\" src=\"https:\/\/encuentroinformativo.com.mx\/wp-content\/uploads\/2022\/05\/AC5B5F5A-F534-476C-AF35-4BBEB0284449-1024x683.jpeg\" alt=\"\" class=\"wp-image-26867\" srcset=\"https:\/\/encuentroinformativo.com.mx\/wp-content\/uploads\/2022\/05\/AC5B5F5A-F534-476C-AF35-4BBEB0284449-1024x683.jpeg 1024w, https:\/\/encuentroinformativo.com.mx\/wp-content\/uploads\/2022\/05\/AC5B5F5A-F534-476C-AF35-4BBEB0284449-300x200.jpeg 300w, https:\/\/encuentroinformativo.com.mx\/wp-content\/uploads\/2022\/05\/AC5B5F5A-F534-476C-AF35-4BBEB0284449-768x512.jpeg 768w, https:\/\/encuentroinformativo.com.mx\/wp-content\/uploads\/2022\/05\/AC5B5F5A-F534-476C-AF35-4BBEB0284449.jpeg 1488w\" sizes=\"auto, (max-width: 1024px) 100vw, 1024px\" \/><\/figure>\n\n\n\n<figure class=\"wp-block-image size-large\"><img loading=\"lazy\" decoding=\"async\" width=\"1024\" height=\"683\" src=\"https:\/\/encuentroinformativo.com.mx\/wp-content\/uploads\/2022\/05\/A67B493A-DC1E-47F8-8167-C786778E671C-1024x683.jpeg\" alt=\"\" class=\"wp-image-26868\" srcset=\"https:\/\/encuentroinformativo.com.mx\/wp-content\/uploads\/2022\/05\/A67B493A-DC1E-47F8-8167-C786778E671C-1024x683.jpeg 1024w, https:\/\/encuentroinformativo.com.mx\/wp-content\/uploads\/2022\/05\/A67B493A-DC1E-47F8-8167-C786778E671C-300x200.jpeg 300w, https:\/\/encuentroinformativo.com.mx\/wp-content\/uploads\/2022\/05\/A67B493A-DC1E-47F8-8167-C786778E671C-768x512.jpeg 768w, https:\/\/encuentroinformativo.com.mx\/wp-content\/uploads\/2022\/05\/A67B493A-DC1E-47F8-8167-C786778E671C.jpeg 1488w\" sizes=\"auto, (max-width: 1024px) 100vw, 1024px\" \/><\/figure>\n","protected":false},"excerpt":{"rendered":"<p>Juan Arcos Xalapa, Ver.- Una gran afluencia se registr\u00f3 en las sedes de vacunaci\u00f3n para la aplicaci\u00f3n de la primera dosis Pfizer contra Sars-Cov2 (Covid-19) a adolescentes mayores de 12 a\u00f1os en la ciudad de Xalapa. De acuerdo con la delegada regional de Programas de Bienestar en Xalapa, Aurora Castillo Reyes, ha sido muy buena [&hellip;]<\/p>\n","protected":false},"author":1,"featured_media":26864,"comment_status":"open","ping_status":"open","sticky":false,"template":"","format":"standard","meta":{"_jetpack_memberships_contains_paid_content":false,"footnotes":""},"categories":[9],"tags":[],"class_list":["post-26863","post","type-post","status-publish","format-standard","has-post-thumbnail","hentry","category-salud"],"jetpack_featured_media_url":"https:\/\/encuentroinformativo.com.mx\/wp-content\/uploads\/2022\/05\/4A745B2A-1134-482D-9318-6A184FB57C89.jpeg","jetpack_sharing_enabled":true,"jetpack_likes_enabled":true,"amp_enabled":true,"_links":{"self":[{"href":"https:\/\/encuentroinformativo.com.mx\/index.php?rest_route=\/wp\/v2\/posts\/26863","targetHints":{"allow":["GET"]}}],"collection":[{"href":"https:\/\/encuentroinformativo.com.mx\/index.php?rest_route=\/wp\/v2\/posts"}],"about":[{"href":"https:\/\/encuentroinformativo.com.mx\/index.php?rest_route=\/wp\/v2\/types\/post"}],"author":[{"embeddable":true,"href":"https:\/\/encuentroinformativo.com.mx\/index.php?rest_route=\/wp\/v2\/users\/1"}],"replies":[{"embeddable":true,"href":"https:\/\/encuentroinformativo.com.mx\/index.php?rest_route=%2Fwp%2Fv2%2Fcomments&post=26863"}],"version-history":[{"count":1,"href":"https:\/\/encuentroinformativo.com.mx\/index.php?rest_route=\/wp\/v2\/posts\/26863\/revisions"}],"predecessor-version":[{"id":26869,"href":"https:\/\/encuentroinformativo.com.mx\/index.php?rest_route=\/wp\/v2\/posts\/26863\/revisions\/26869"}],"wp:featuredmedia":[{"embeddable":true,"href":"https:\/\/encuentroinformativo.com.mx\/index.php?rest_route=\/wp\/v2\/media\/26864"}],"wp:attachment":[{"href":"https:\/\/encuentroinformativo.com.mx\/index.php?rest_route=%2Fwp%2Fv2%2Fmedia&parent=26863"}],"wp:term":[{"taxonomy":"category","embeddable":true,"href":"https:\/\/encuentroinformativo.com.mx\/index.php?rest_route=%2Fwp%2Fv2%2Fcategories&post=26863"},{"taxonomy":"post_tag","embeddable":true,"href":"https:\/\/encuentroinformativo.com.mx\/index.php?rest_route=%2Fwp%2Fv2%2Ftags&post=26863"}],"curies":[{"name":"wp","href":"https:\/\/api.w.org\/{rel}","templated":true}]}}