{"id":26876,"date":"2022-05-06T13:34:12","date_gmt":"2022-05-06T18:34:12","guid":{"rendered":"https:\/\/encuentroinformativo.com.mx\/?p=26876"},"modified":"2022-05-06T13:34:16","modified_gmt":"2022-05-06T18:34:16","slug":"asociacion-pide-monumento-en-memoria-a-victimas-de-feminicidios","status":"publish","type":"post","link":"https:\/\/encuentroinformativo.com.mx\/?p=26876","title":{"rendered":"Asociaci\u00f3n pide monumento en memoria a v\u00edctimas de feminicidios"},"content":{"rendered":"\n<p><strong>Dar\u00edo Pale <\/strong><\/p>\n\n\n\n<p>Xalapa, Ver.- La presidenta de la asociaci\u00f3n civil Recuperando la Esperanza, el Amor y la Luz (REAL), Dana D\u00edaz Garc\u00eda dio a conocer que quieren hacer un monumento en memoria de v\u00edctimas de feminicidios.<\/p>\n\n\n\n<p>En conferencia de prensa se\u00f1al\u00f3 que debido a la imparable ola de violencia contra las mujeres en Xalapa y Veracruz, buscan erigir un monumento en memorial de las v\u00edctimas de feminicidios en Xalapa.<\/p>\n\n\n\n<p>La presidenta de la Asociaci\u00f3n, dio a conocer buscar\u00edan colocarla en la avenida \u00c1vila Camacho, frente a las oficinas de conocido diario, en la cuchilla que ah\u00ed se ubica.<\/p>\n\n\n\n<p>Extern\u00f3 que dicho proyecto no es para que se felicite o para festejar, sino que se trata de un proyecto para recordar a todas las mujeres que ya no est\u00e1n, as\u00ed como un recordatorio de la lucha que han hecho las mujeres, activistas, servidoras y dem\u00e1s.<\/p>\n\n\n\n<p>La defensora de los derechos de las mujeres inform\u00f3 que est\u00e1n solicitando el apoyo del ayuntamiento de Xalapa para construirlo, de no lograr una respuesta positiva, buscar\u00e1n patrocinadores.<\/p>\n\n\n\n<p>Se\u00f1al\u00f3 que lamentablemente Xalapa y en general el Estado, se ubican entre los primeros lugares a nivel nacional por el n\u00famero de v\u00edctimas de feminicidios o de desapariciones.<\/p>\n\n\n\n<p>\u201cCada mujer es una historia, hay muchos ni\u00f1os que se quedaron sin madre, hay muchas madres que nos quedamos sin hijas, sin hijos&#8230;yo he sido v\u00edctima de violencia a corta edad, pero eso me hizo m\u00e1s fuerte y me di cuenta que no era la \u00fanica que estaba pasando por esto y que era una m\u00e1s y este proyecto es la lucha para que ya no haya ni una m\u00e1s ni una menos&#8221;, se\u00f1al\u00f3.<\/p>\n\n\n\n<p>Finalmente la tambi\u00e9n directora estatal de la Asociaci\u00f3n Mexicana Mujeres Jefas de Empresa, enfatiz\u00f3 que el monumento ser\u00eda de unos dos metros de altura y tendr\u00eda un costo de 20 mil pesos, por ello es que est\u00e1n buscando el apoyo del Ayuntamiento.<\/p>\n","protected":false},"excerpt":{"rendered":"<p>Dar\u00edo Pale Xalapa, Ver.- La presidenta de la asociaci\u00f3n civil Recuperando la Esperanza, el Amor y la Luz (REAL), Dana D\u00edaz Garc\u00eda dio a conocer que quieren hacer un monumento en memoria de v\u00edctimas de feminicidios. En conferencia de prensa se\u00f1al\u00f3 que debido a la imparable ola de violencia contra las mujeres en Xalapa y [&hellip;]<\/p>\n","protected":false},"author":1,"featured_media":26877,"comment_status":"open","ping_status":"open","sticky":false,"template":"","format":"standard","meta":{"_jetpack_memberships_contains_paid_content":false,"footnotes":""},"categories":[3],"tags":[],"class_list":["post-26876","post","type-post","status-publish","format-standard","has-post-thumbnail","hentry","category-xalapa"],"jetpack_featured_media_url":"https:\/\/encuentroinformativo.com.mx\/wp-content\/uploads\/2022\/05\/B04F1BEC-7189-44B7-BD06-B9512BDB6601.jpeg","jetpack_sharing_enabled":true,"jetpack_likes_enabled":true,"amp_enabled":true,"_links":{"self":[{"href":"https:\/\/encuentroinformativo.com.mx\/index.php?rest_route=\/wp\/v2\/posts\/26876","targetHints":{"allow":["GET"]}}],"collection":[{"href":"https:\/\/encuentroinformativo.com.mx\/index.php?rest_route=\/wp\/v2\/posts"}],"about":[{"href":"https:\/\/encuentroinformativo.com.mx\/index.php?rest_route=\/wp\/v2\/types\/post"}],"author":[{"embeddable":true,"href":"https:\/\/encuentroinformativo.com.mx\/index.php?rest_route=\/wp\/v2\/users\/1"}],"replies":[{"embeddable":true,"href":"https:\/\/encuentroinformativo.com.mx\/index.php?rest_route=%2Fwp%2Fv2%2Fcomments&post=26876"}],"version-history":[{"count":1,"href":"https:\/\/encuentroinformativo.com.mx\/index.php?rest_route=\/wp\/v2\/posts\/26876\/revisions"}],"predecessor-version":[{"id":26878,"href":"https:\/\/encuentroinformativo.com.mx\/index.php?rest_route=\/wp\/v2\/posts\/26876\/revisions\/26878"}],"wp:featuredmedia":[{"embeddable":true,"href":"https:\/\/encuentroinformativo.com.mx\/index.php?rest_route=\/wp\/v2\/media\/26877"}],"wp:attachment":[{"href":"https:\/\/encuentroinformativo.com.mx\/index.php?rest_route=%2Fwp%2Fv2%2Fmedia&parent=26876"}],"wp:term":[{"taxonomy":"category","embeddable":true,"href":"https:\/\/encuentroinformativo.com.mx\/index.php?rest_route=%2Fwp%2Fv2%2Fcategories&post=26876"},{"taxonomy":"post_tag","embeddable":true,"href":"https:\/\/encuentroinformativo.com.mx\/index.php?rest_route=%2Fwp%2Fv2%2Ftags&post=26876"}],"curies":[{"name":"wp","href":"https:\/\/api.w.org\/{rel}","templated":true}]}}