{"id":26883,"date":"2022-05-06T13:50:13","date_gmt":"2022-05-06T18:50:13","guid":{"rendered":"https:\/\/encuentroinformativo.com.mx\/?p=26883"},"modified":"2022-05-06T13:50:17","modified_gmt":"2022-05-06T18:50:17","slug":"plan-contra-la-inflacion-limitado-pero-si-ayudara-leo-zuckermann","status":"publish","type":"post","link":"https:\/\/encuentroinformativo.com.mx\/?p=26883","title":{"rendered":"Plan contra la Inflaci\u00f3n limitado pero s\u00ed ayudar\u00e1: Leo Zuckermann"},"content":{"rendered":"\n<p><strong>Alejandro \u00c1vila<\/strong><\/p>\n\n\n\n<p>Boca del R\u00edo, Ver.- Si bien la propuesta del &#8220;Plan contra la Inflaci\u00f3n&#8221; presentada este jueves por el Gobierno Federal es limitada, s\u00ed ayudara a que las personas con menos recursos pueden sobrepasar la crisis inflacionaria, mencion\u00f3 el polit\u00f3logo, Leo Zuckermann Behar.<\/p>\n\n\n\n<p>El acad\u00e9mico asegur\u00f3 que le gust\u00f3 el paquete mostrado por el Gobierno Federal, pues se busca que 24 productos de la canasta b\u00e1sica no aumentan durante los pr\u00f3ximos seis meses, al igual que los precios de los energ\u00e9ticos.<\/p>\n\n\n\n<p>&#8220;C\u00f3mo bien dijo el secretario de Hacienda, esto no va a controlar la inflaci\u00f3n, pero si va a ayudar para que la gente de menos recursos puedo sobrepasar est\u00e1 crisis inflacionaria. Entonces, me parece un programa bastante aterrizado, bastante realista, y sobre todo de un gobierno que luego realiza acciones mucho m\u00e1s radicales, pues esto me parece una acci\u00f3n moderada, bastante sensata&#8221;, apunt\u00f3.<\/p>\n\n\n\n<p>El polit\u00f3logo qui\u00e9n fue invitado a una charla con empresarios adheridos a la Coparmex Veracruz, neg\u00f3 que este programa vaya afectar a la iniciativa privada; aunque reconoci\u00f3, existe una preocupaci\u00f3n por el tema inflacionario, qu\u00e9 ha resultado un fen\u00f3meno mundial, y M\u00e9xico ha tenido un estancamiento en el crecimiento econ\u00f3mico.<\/p>\n\n\n\n<p>Leo Zuckermann, dijo que tras los 6 meses del Plan contra la Inflaci\u00f3n se tendr\u00e1 que revisar el proyecto, pues las presiones inflacionarias van a seguir.<\/p>\n\n\n\n<p>&#8220;De acuerdo a los expertos, tanto nacionales como internacionales, el tema inflacionario se va a resolver hasta mediados del a\u00f1o que entra, a mediados del 2023&#8221;, remat\u00f3.<\/p>\n","protected":false},"excerpt":{"rendered":"<p>Alejandro \u00c1vila Boca del R\u00edo, Ver.- Si bien la propuesta del &#8220;Plan contra la Inflaci\u00f3n&#8221; presentada este jueves por el Gobierno Federal es limitada, s\u00ed ayudara a que las personas con menos recursos pueden sobrepasar la crisis inflacionaria, mencion\u00f3 el polit\u00f3logo, Leo Zuckermann Behar. El acad\u00e9mico asegur\u00f3 que le gust\u00f3 el paquete mostrado por el [&hellip;]<\/p>\n","protected":false},"author":1,"featured_media":26884,"comment_status":"open","ping_status":"open","sticky":false,"template":"","format":"standard","meta":{"_jetpack_memberships_contains_paid_content":false,"footnotes":""},"categories":[2],"tags":[],"class_list":["post-26883","post","type-post","status-publish","format-standard","has-post-thumbnail","hentry","category-estado"],"jetpack_featured_media_url":"https:\/\/encuentroinformativo.com.mx\/wp-content\/uploads\/2022\/05\/81CAC676-1B36-4D76-803E-C113D5F4416E.jpeg","jetpack_sharing_enabled":true,"jetpack_likes_enabled":true,"amp_enabled":true,"_links":{"self":[{"href":"https:\/\/encuentroinformativo.com.mx\/index.php?rest_route=\/wp\/v2\/posts\/26883","targetHints":{"allow":["GET"]}}],"collection":[{"href":"https:\/\/encuentroinformativo.com.mx\/index.php?rest_route=\/wp\/v2\/posts"}],"about":[{"href":"https:\/\/encuentroinformativo.com.mx\/index.php?rest_route=\/wp\/v2\/types\/post"}],"author":[{"embeddable":true,"href":"https:\/\/encuentroinformativo.com.mx\/index.php?rest_route=\/wp\/v2\/users\/1"}],"replies":[{"embeddable":true,"href":"https:\/\/encuentroinformativo.com.mx\/index.php?rest_route=%2Fwp%2Fv2%2Fcomments&post=26883"}],"version-history":[{"count":1,"href":"https:\/\/encuentroinformativo.com.mx\/index.php?rest_route=\/wp\/v2\/posts\/26883\/revisions"}],"predecessor-version":[{"id":26885,"href":"https:\/\/encuentroinformativo.com.mx\/index.php?rest_route=\/wp\/v2\/posts\/26883\/revisions\/26885"}],"wp:featuredmedia":[{"embeddable":true,"href":"https:\/\/encuentroinformativo.com.mx\/index.php?rest_route=\/wp\/v2\/media\/26884"}],"wp:attachment":[{"href":"https:\/\/encuentroinformativo.com.mx\/index.php?rest_route=%2Fwp%2Fv2%2Fmedia&parent=26883"}],"wp:term":[{"taxonomy":"category","embeddable":true,"href":"https:\/\/encuentroinformativo.com.mx\/index.php?rest_route=%2Fwp%2Fv2%2Fcategories&post=26883"},{"taxonomy":"post_tag","embeddable":true,"href":"https:\/\/encuentroinformativo.com.mx\/index.php?rest_route=%2Fwp%2Fv2%2Ftags&post=26883"}],"curies":[{"name":"wp","href":"https:\/\/api.w.org\/{rel}","templated":true}]}}