{"id":26886,"date":"2022-05-06T14:28:30","date_gmt":"2022-05-06T19:28:30","guid":{"rendered":"https:\/\/encuentroinformativo.com.mx\/?p=26886"},"modified":"2022-05-06T14:28:34","modified_gmt":"2022-05-06T19:28:34","slug":"comerciantes-del-malecon-acusan-que-son-marginados-en-eventos-del-ayuntamiento","status":"publish","type":"post","link":"https:\/\/encuentroinformativo.com.mx\/?p=26886","title":{"rendered":"Comerciantes del Malec\u00f3n acusan que son marginados en eventos del Ayuntamiento"},"content":{"rendered":"\n<p><strong>Alejandro \u00c1vila<\/strong><\/p>\n\n\n\n<p>Veracruz, Ver.- Aproximadamente 15 comerciantes de alimentos que se ubican cerca a la Macroplaza del Malec\u00f3n han sido marginados durante las \u00faltimas semanas, cuando el Ayuntamiento de Veracruz realiza eventos en dicho lugar.<\/p>\n\n\n\n<p>Los afectados mencionan que, en los fines de semana que el Ayuntamiento de Veracruz realiza eventos en la Macroplaza del Malec\u00f3n han tenido que suspender su venta de todo el d\u00eda por petici\u00f3n de la direcci\u00f3n de Comercio, qui\u00e9nes s\u00ed permiten la entrada de remolques de otras empresas de renombre.<\/p>\n\n\n\n<p>&#8220;Aqu\u00ed somos aproximadamente 15 personas, vendemos raspados, esquites, hot dogs, alguno que otro que vende hot cakes, y bueno, es algo que ha nosotros nos afecta cuando ellos nos piden que nos movamos todo un d\u00eda y se echa a perder nuestra mercanc\u00eda, ese d\u00eda ya no generamos, nosotros comemos todos los d\u00edas, 3 veces al d\u00eda, tenemos familias, de cada puesto depende una familia de m\u00e1s o menos seis u ocho personas (\u2026) ahorita han tenido diferentes tipos de eventos, y ellos nos piden que no trabajamos ese d\u00eda, o sea el d\u00eda completo, antes nos dejaban trabajar en una esquina, en una bocacalle, ahorita nos piden que de plano no trabajemos todo ese d\u00eda, ese d\u00eda para nosotros has perdido&#8221;, acus\u00f3 la comerciante Angelica.<\/p>\n\n\n\n<p>Los afectados se\u00f1alan que han intentado platicar con el director de Comercio, Daniel Galindo; sin embargo, este no los ha querido recibir para sostener un di\u00e1logo que deje contentas a ambas partes.<\/p>\n\n\n\n<p>&#8220;Nos dice que tenemos que acatar las disposiciones, pero para algunos es aplicable, en esta situaci\u00f3n a nosotros, pero para otros no (\u2026) lo que queremos es trabajar, lo que queremos es que haya un di\u00e1logo con ellos, lo que queremos es que nos tomen en cuenta, que ellos vean realmente nuestra necesidad, que si en alg\u00fan momento ellos hacen alg\u00fan evento, trae consecuencias para nosotros, c\u00f3mo vendedores de la zona&#8221;, apuntaron.<\/p>\n\n\n\n<p>Finalmente los comerciantes dijeron que, llevan m\u00e1s de 20 a\u00f1os pagando permisos por ser zona Federal, y desde hace unos a\u00f1os tambi\u00e9n el Ayuntamiento les hace un cobro extra a trav\u00e9s de la direcci\u00f3n de Comercio, misma que a partir del mes de marzo les ha dejado de cobrar su cuota mensual, d\u00f3nde incluso pagaban 50 m\u00e1s por recolecci\u00f3n de basura.<\/p>\n\n\n\n<p>&#8220;Nos detuvieron los pagos a partir de m\u00e1s o menos el mes de marzo &#8211; abril, ya no nos han querido cobrar, y esto conlleva a que en alg\u00fan momento ellos puedan tomar acciones en contra de nosotros, nosotros estamos en la mejor disposici\u00f3n de pagar nuestro permiso c\u00f3mo lo hemos venido haciendo todo este tiempo&#8221;, culmin\u00f3.<\/p>\n\n\n\n<figure class=\"wp-block-image size-large\"><img loading=\"lazy\" decoding=\"async\" width=\"1024\" height=\"576\" src=\"https:\/\/encuentroinformativo.com.mx\/wp-content\/uploads\/2022\/05\/35456DCD-CBC8-45A4-BC1D-145D8EE60568-1024x576.jpeg\" alt=\"\" class=\"wp-image-26888\" srcset=\"https:\/\/encuentroinformativo.com.mx\/wp-content\/uploads\/2022\/05\/35456DCD-CBC8-45A4-BC1D-145D8EE60568-1024x576.jpeg 1024w, https:\/\/encuentroinformativo.com.mx\/wp-content\/uploads\/2022\/05\/35456DCD-CBC8-45A4-BC1D-145D8EE60568-300x169.jpeg 300w, https:\/\/encuentroinformativo.com.mx\/wp-content\/uploads\/2022\/05\/35456DCD-CBC8-45A4-BC1D-145D8EE60568-768x432.jpeg 768w, https:\/\/encuentroinformativo.com.mx\/wp-content\/uploads\/2022\/05\/35456DCD-CBC8-45A4-BC1D-145D8EE60568.jpeg 1280w\" sizes=\"auto, (max-width: 1024px) 100vw, 1024px\" \/><\/figure>\n","protected":false},"excerpt":{"rendered":"<p>Alejandro \u00c1vila Veracruz, Ver.- Aproximadamente 15 comerciantes de alimentos que se ubican cerca a la Macroplaza del Malec\u00f3n han sido marginados durante las \u00faltimas semanas, cuando el Ayuntamiento de Veracruz realiza eventos en dicho lugar. Los afectados mencionan que, en los fines de semana que el Ayuntamiento de Veracruz realiza eventos en la Macroplaza del [&hellip;]<\/p>\n","protected":false},"author":1,"featured_media":26887,"comment_status":"open","ping_status":"open","sticky":false,"template":"","format":"standard","meta":{"_jetpack_memberships_contains_paid_content":false,"footnotes":""},"categories":[2],"tags":[],"class_list":["post-26886","post","type-post","status-publish","format-standard","has-post-thumbnail","hentry","category-estado"],"jetpack_featured_media_url":"https:\/\/encuentroinformativo.com.mx\/wp-content\/uploads\/2022\/05\/66398CB4-0EFD-4A09-83E9-19AAD56F02A2.jpeg","jetpack_sharing_enabled":true,"jetpack_likes_enabled":true,"amp_enabled":true,"_links":{"self":[{"href":"https:\/\/encuentroinformativo.com.mx\/index.php?rest_route=\/wp\/v2\/posts\/26886","targetHints":{"allow":["GET"]}}],"collection":[{"href":"https:\/\/encuentroinformativo.com.mx\/index.php?rest_route=\/wp\/v2\/posts"}],"about":[{"href":"https:\/\/encuentroinformativo.com.mx\/index.php?rest_route=\/wp\/v2\/types\/post"}],"author":[{"embeddable":true,"href":"https:\/\/encuentroinformativo.com.mx\/index.php?rest_route=\/wp\/v2\/users\/1"}],"replies":[{"embeddable":true,"href":"https:\/\/encuentroinformativo.com.mx\/index.php?rest_route=%2Fwp%2Fv2%2Fcomments&post=26886"}],"version-history":[{"count":1,"href":"https:\/\/encuentroinformativo.com.mx\/index.php?rest_route=\/wp\/v2\/posts\/26886\/revisions"}],"predecessor-version":[{"id":26889,"href":"https:\/\/encuentroinformativo.com.mx\/index.php?rest_route=\/wp\/v2\/posts\/26886\/revisions\/26889"}],"wp:featuredmedia":[{"embeddable":true,"href":"https:\/\/encuentroinformativo.com.mx\/index.php?rest_route=\/wp\/v2\/media\/26887"}],"wp:attachment":[{"href":"https:\/\/encuentroinformativo.com.mx\/index.php?rest_route=%2Fwp%2Fv2%2Fmedia&parent=26886"}],"wp:term":[{"taxonomy":"category","embeddable":true,"href":"https:\/\/encuentroinformativo.com.mx\/index.php?rest_route=%2Fwp%2Fv2%2Fcategories&post=26886"},{"taxonomy":"post_tag","embeddable":true,"href":"https:\/\/encuentroinformativo.com.mx\/index.php?rest_route=%2Fwp%2Fv2%2Ftags&post=26886"}],"curies":[{"name":"wp","href":"https:\/\/api.w.org\/{rel}","templated":true}]}}