{"id":26890,"date":"2022-05-06T14:55:12","date_gmt":"2022-05-06T19:55:12","guid":{"rendered":"https:\/\/encuentroinformativo.com.mx\/?p=26890"},"modified":"2022-05-06T14:55:16","modified_gmt":"2022-05-06T19:55:16","slug":"preparan-actividades-para-dia-contra-la-homofobia","status":"publish","type":"post","link":"https:\/\/encuentroinformativo.com.mx\/?p=26890","title":{"rendered":"Preparan actividades para D\u00eda contra la Homofobia"},"content":{"rendered":"\n<p>Xalapa, Ver. &#8211; El presidente de la Coalici\u00f3n Estatal LGBTTTI en Veracruz, Benjam\u00edn Callejas Hern\u00e1ndez inform\u00f3 que este pr\u00f3ximo 17 de mayo ser\u00e1 el D\u00eda Internacional contra la Homofobia realizando diversas actividades como una guardia de honor en la placa\u00a0 conmemorativa de los cr\u00edmenes de odio ubicada en Palo Verde.<\/p>\n","protected":false},"excerpt":{"rendered":"<p>Xalapa, Ver. &#8211; El presidente de la Coalici\u00f3n Estatal LGBTTTI en Veracruz, Benjam\u00edn Callejas Hern\u00e1ndez inform\u00f3 que este pr\u00f3ximo 17 de mayo ser\u00e1 el D\u00eda Internacional contra la Homofobia realizando diversas actividades como una guardia de honor en la placa\u00a0 conmemorativa de los cr\u00edmenes de odio ubicada en Palo Verde.<\/p>\n","protected":false},"author":1,"featured_media":26891,"comment_status":"open","ping_status":"open","sticky":false,"template":"","format":"standard","meta":{"_jetpack_memberships_contains_paid_content":false,"footnotes":""},"categories":[3],"tags":[],"class_list":["post-26890","post","type-post","status-publish","format-standard","has-post-thumbnail","hentry","category-xalapa"],"jetpack_featured_media_url":"https:\/\/encuentroinformativo.com.mx\/wp-content\/uploads\/2022\/05\/5AB90846-18F3-4D71-8E4E-7D404C5A395E.jpeg","jetpack_sharing_enabled":true,"jetpack_likes_enabled":true,"amp_enabled":true,"_links":{"self":[{"href":"https:\/\/encuentroinformativo.com.mx\/index.php?rest_route=\/wp\/v2\/posts\/26890","targetHints":{"allow":["GET"]}}],"collection":[{"href":"https:\/\/encuentroinformativo.com.mx\/index.php?rest_route=\/wp\/v2\/posts"}],"about":[{"href":"https:\/\/encuentroinformativo.com.mx\/index.php?rest_route=\/wp\/v2\/types\/post"}],"author":[{"embeddable":true,"href":"https:\/\/encuentroinformativo.com.mx\/index.php?rest_route=\/wp\/v2\/users\/1"}],"replies":[{"embeddable":true,"href":"https:\/\/encuentroinformativo.com.mx\/index.php?rest_route=%2Fwp%2Fv2%2Fcomments&post=26890"}],"version-history":[{"count":1,"href":"https:\/\/encuentroinformativo.com.mx\/index.php?rest_route=\/wp\/v2\/posts\/26890\/revisions"}],"predecessor-version":[{"id":26892,"href":"https:\/\/encuentroinformativo.com.mx\/index.php?rest_route=\/wp\/v2\/posts\/26890\/revisions\/26892"}],"wp:featuredmedia":[{"embeddable":true,"href":"https:\/\/encuentroinformativo.com.mx\/index.php?rest_route=\/wp\/v2\/media\/26891"}],"wp:attachment":[{"href":"https:\/\/encuentroinformativo.com.mx\/index.php?rest_route=%2Fwp%2Fv2%2Fmedia&parent=26890"}],"wp:term":[{"taxonomy":"category","embeddable":true,"href":"https:\/\/encuentroinformativo.com.mx\/index.php?rest_route=%2Fwp%2Fv2%2Fcategories&post=26890"},{"taxonomy":"post_tag","embeddable":true,"href":"https:\/\/encuentroinformativo.com.mx\/index.php?rest_route=%2Fwp%2Fv2%2Ftags&post=26890"}],"curies":[{"name":"wp","href":"https:\/\/api.w.org\/{rel}","templated":true}]}}