{"id":26893,"date":"2022-05-06T15:00:12","date_gmt":"2022-05-06T20:00:12","guid":{"rendered":"https:\/\/encuentroinformativo.com.mx\/?p=26893"},"modified":"2022-05-06T15:00:15","modified_gmt":"2022-05-06T20:00:15","slug":"descomposicion-social-aumenta-violencia-senala-activista","status":"publish","type":"post","link":"https:\/\/encuentroinformativo.com.mx\/?p=26893","title":{"rendered":"Descomposici\u00f3n social aumenta violencia, se\u00f1ala Activista"},"content":{"rendered":"\n<p><strong>Juan Arcos<\/strong><\/p>\n\n\n\n<p>Xalapa, Ver.- El activista Francisco Carmona Cort\u00e9s consider\u00f3 que han incrementado la violencia y la inseguridad en la ciudad de Xalapa.<\/p>\n\n\n\n<p>El defensor de derechos humanos lament\u00f3 que el jueves 5 de mayo se haya registrado la ejecuci\u00f3n de tres integrantes de una familia en la zona de <em>Homex<\/em>, en la periferia de la capital del estado.<\/p>\n\n\n\n<p>\u201cEs muy lamentable que est\u00e9n sucediendo hechos de esta magnitud, como el homicidio de estas tres personas, una familia completa en la zona de <em>Homex<\/em>\u201d, expres\u00f3.<\/p>\n\n\n\n<p>Tambi\u00e9n repudi\u00f3 el caso de Juana Ovando de los Santos, de apenas 21 a\u00f1os, quien fue asesinada por su vecino el pasado 20 de abril y su cuerpo encontrado al interior de su domicilio, cerca de la zona centro de Xalapa.<\/p>\n\n\n\n<p>El entrevistado consider\u00f3 que el problema se debe a la crisis institucional en la actual administraci\u00f3n estatal.<\/p>\n\n\n\n<p>\u201cEsta descomposici\u00f3n social se est\u00e1 dando porque hay una crisis institucional, yo creo que ese es el problema, aparte de lo que estamos viviendo con esta pandemia\u201d, a\u00f1adi\u00f3.<\/p>\n\n\n\n<p>Por tal motivo, pidi\u00f3 que haya una coordinaci\u00f3n entre las autoridades y la sociedad civil para atender el problema de inseguridad lo antes posible.<\/p>\n","protected":false},"excerpt":{"rendered":"<p>Juan Arcos Xalapa, Ver.- El activista Francisco Carmona Cort\u00e9s consider\u00f3 que han incrementado la violencia y la inseguridad en la ciudad de Xalapa. El defensor de derechos humanos lament\u00f3 que el jueves 5 de mayo se haya registrado la ejecuci\u00f3n de tres integrantes de una familia en la zona de Homex, en la periferia de [&hellip;]<\/p>\n","protected":false},"author":1,"featured_media":26894,"comment_status":"open","ping_status":"open","sticky":false,"template":"","format":"standard","meta":{"_jetpack_memberships_contains_paid_content":false,"footnotes":""},"categories":[3],"tags":[],"class_list":["post-26893","post","type-post","status-publish","format-standard","has-post-thumbnail","hentry","category-xalapa"],"jetpack_featured_media_url":"https:\/\/encuentroinformativo.com.mx\/wp-content\/uploads\/2022\/05\/B7EEEEE6-577B-4BBB-A29E-3FFE2E278760.jpeg","jetpack_sharing_enabled":true,"jetpack_likes_enabled":true,"amp_enabled":true,"_links":{"self":[{"href":"https:\/\/encuentroinformativo.com.mx\/index.php?rest_route=\/wp\/v2\/posts\/26893","targetHints":{"allow":["GET"]}}],"collection":[{"href":"https:\/\/encuentroinformativo.com.mx\/index.php?rest_route=\/wp\/v2\/posts"}],"about":[{"href":"https:\/\/encuentroinformativo.com.mx\/index.php?rest_route=\/wp\/v2\/types\/post"}],"author":[{"embeddable":true,"href":"https:\/\/encuentroinformativo.com.mx\/index.php?rest_route=\/wp\/v2\/users\/1"}],"replies":[{"embeddable":true,"href":"https:\/\/encuentroinformativo.com.mx\/index.php?rest_route=%2Fwp%2Fv2%2Fcomments&post=26893"}],"version-history":[{"count":1,"href":"https:\/\/encuentroinformativo.com.mx\/index.php?rest_route=\/wp\/v2\/posts\/26893\/revisions"}],"predecessor-version":[{"id":26895,"href":"https:\/\/encuentroinformativo.com.mx\/index.php?rest_route=\/wp\/v2\/posts\/26893\/revisions\/26895"}],"wp:featuredmedia":[{"embeddable":true,"href":"https:\/\/encuentroinformativo.com.mx\/index.php?rest_route=\/wp\/v2\/media\/26894"}],"wp:attachment":[{"href":"https:\/\/encuentroinformativo.com.mx\/index.php?rest_route=%2Fwp%2Fv2%2Fmedia&parent=26893"}],"wp:term":[{"taxonomy":"category","embeddable":true,"href":"https:\/\/encuentroinformativo.com.mx\/index.php?rest_route=%2Fwp%2Fv2%2Fcategories&post=26893"},{"taxonomy":"post_tag","embeddable":true,"href":"https:\/\/encuentroinformativo.com.mx\/index.php?rest_route=%2Fwp%2Fv2%2Ftags&post=26893"}],"curies":[{"name":"wp","href":"https:\/\/api.w.org\/{rel}","templated":true}]}}