{"id":26896,"date":"2022-05-06T15:26:51","date_gmt":"2022-05-06T20:26:51","guid":{"rendered":"https:\/\/encuentroinformativo.com.mx\/?p=26896"},"modified":"2022-05-06T15:26:54","modified_gmt":"2022-05-06T20:26:54","slug":"mas-de-200-veracruzanos-fallecieron-en-estados-unidos-por-covid","status":"publish","type":"post","link":"https:\/\/encuentroinformativo.com.mx\/?p=26896","title":{"rendered":"M\u00e1s de 200 veracruzanos fallecieron en Estados Unidos por COVID"},"content":{"rendered":"\n<p><strong>Dar\u00edo Pale <\/strong><\/p>\n\n\n\n<p>Xalapa, Ver.- Dan a conocer que en dos a\u00f1os de pandemia, 237 veracruzanos han perdido la vida a causa del Covid-19 en Estados Unidos, as\u00ed lo inform\u00f3 el director de Atenci\u00f3n \u00a0a Migrantes del gobierno de Veracruz, Carlos Escalante Igual.<\/p>\n\n\n\n<p>En entrevista dio a conocer que las cifras est\u00e1n actualizadas hasta la semana pasada, incluso coment\u00f3 que la semana pasada fue a recoger dos urnas con cenizas de veracruzanos muertos por el virus Sars-Cov-2.<\/p>\n\n\n\n<p>&#8220;Seguimos atendiendo, si bien es cierto se ha atenuado un poquito la cuesti\u00f3n del Covid, s\u00ed seguimos dando todo el servicio a las familias y a los veracruzanos que se encuentran fuera del Estado&#8221;, se\u00f1al\u00f3.<\/p>\n\n\n\n<p>Dio a conocer que la mayor\u00eda de los fallecidos han sido de la zona centro del Estado, de municipios como Xalapa, Misantla, C\u00f3rdoba, Orizaba, mientras que del sur han sido pocos y menos todav\u00eda del norte de la Entidad, donde no ha habido casi casos.<\/p>\n\n\n\n<p>Se\u00f1al\u00f3 que debido a la pandemia se redujo la salida de migrantes en un 95 por ciento, pero nuevamente est\u00e1 repuntando, por lo que la cifra que la direcci\u00f3n registra es de 850 mil veracruzanos en Estados Unidos, pero esta es una cifra que se mantiene desde hace a\u00f1os, ello con base en el env\u00edo de las remesas.<\/p>\n\n\n\n<p>En otro orden de ideas, dio a conocer que cuando labor\u00f3 en la Fiscal\u00eda Especializada en Atenci\u00f3n a Migrantes, Veracruz registraba un alto n\u00famero de delitos cometidos por la delincuencia organizada en contra de los migrantes centroamericanos.<\/p>\n\n\n\n<p>Sin embargo, en este momento, la Fiscal\u00eda General del Estado, se ha enfocado a combatir el delito, y reconoci\u00f3 que se trata de una problem\u00e1tica muy complicada toda vez que los migrantes llegan sin documentos y lo que menos quieren es tener contacto o relaci\u00f3n con las autoridades.<\/p>\n\n\n\n<p>\u201cY si algo les pasa pocas veces lo comentan, no tenemos c\u00f3mo ubicarlos, salvo que haya pasado algo delicado, entonces ah\u00ed intervenimos nosotros&#8221;, coment\u00f3.<\/p>\n\n\n\n<p>Finalmente inform\u00f3 que anteriormente, los delitos que mayormente se comet\u00edan contra ellos, eran secuestro, homicidio, extorsi\u00f3n y cobro de piso.<\/p>\n","protected":false},"excerpt":{"rendered":"<p>Dar\u00edo Pale Xalapa, Ver.- Dan a conocer que en dos a\u00f1os de pandemia, 237 veracruzanos han perdido la vida a causa del Covid-19 en Estados Unidos, as\u00ed lo inform\u00f3 el director de Atenci\u00f3n \u00a0a Migrantes del gobierno de Veracruz, Carlos Escalante Igual. En entrevista dio a conocer que las cifras est\u00e1n actualizadas hasta la semana [&hellip;]<\/p>\n","protected":false},"author":1,"featured_media":26897,"comment_status":"open","ping_status":"open","sticky":false,"template":"","format":"standard","meta":{"_jetpack_memberships_contains_paid_content":false,"footnotes":""},"categories":[2],"tags":[],"class_list":["post-26896","post","type-post","status-publish","format-standard","has-post-thumbnail","hentry","category-estado"],"jetpack_featured_media_url":"https:\/\/encuentroinformativo.com.mx\/wp-content\/uploads\/2022\/05\/86D84B14-CAE6-4529-882B-2494829C4451.jpeg","jetpack_sharing_enabled":true,"jetpack_likes_enabled":true,"amp_enabled":true,"_links":{"self":[{"href":"https:\/\/encuentroinformativo.com.mx\/index.php?rest_route=\/wp\/v2\/posts\/26896","targetHints":{"allow":["GET"]}}],"collection":[{"href":"https:\/\/encuentroinformativo.com.mx\/index.php?rest_route=\/wp\/v2\/posts"}],"about":[{"href":"https:\/\/encuentroinformativo.com.mx\/index.php?rest_route=\/wp\/v2\/types\/post"}],"author":[{"embeddable":true,"href":"https:\/\/encuentroinformativo.com.mx\/index.php?rest_route=\/wp\/v2\/users\/1"}],"replies":[{"embeddable":true,"href":"https:\/\/encuentroinformativo.com.mx\/index.php?rest_route=%2Fwp%2Fv2%2Fcomments&post=26896"}],"version-history":[{"count":1,"href":"https:\/\/encuentroinformativo.com.mx\/index.php?rest_route=\/wp\/v2\/posts\/26896\/revisions"}],"predecessor-version":[{"id":26898,"href":"https:\/\/encuentroinformativo.com.mx\/index.php?rest_route=\/wp\/v2\/posts\/26896\/revisions\/26898"}],"wp:featuredmedia":[{"embeddable":true,"href":"https:\/\/encuentroinformativo.com.mx\/index.php?rest_route=\/wp\/v2\/media\/26897"}],"wp:attachment":[{"href":"https:\/\/encuentroinformativo.com.mx\/index.php?rest_route=%2Fwp%2Fv2%2Fmedia&parent=26896"}],"wp:term":[{"taxonomy":"category","embeddable":true,"href":"https:\/\/encuentroinformativo.com.mx\/index.php?rest_route=%2Fwp%2Fv2%2Fcategories&post=26896"},{"taxonomy":"post_tag","embeddable":true,"href":"https:\/\/encuentroinformativo.com.mx\/index.php?rest_route=%2Fwp%2Fv2%2Ftags&post=26896"}],"curies":[{"name":"wp","href":"https:\/\/api.w.org\/{rel}","templated":true}]}}