{"id":2690,"date":"2020-05-20T13:41:14","date_gmt":"2020-05-20T18:41:14","guid":{"rendered":"https:\/\/encuentroinformativo.com\/?p=2690"},"modified":"2020-05-20T13:41:16","modified_gmt":"2020-05-20T18:41:16","slug":"vecinos-acusan-foco-de-infeccion-en-la-framboyanes","status":"publish","type":"post","link":"https:\/\/encuentroinformativo.com.mx\/?p=2690","title":{"rendered":"Vecinos acusan foco de infecci\u00f3n en la Framboyanes"},"content":{"rendered":"\n<p><strong>Juan Arcos <\/strong><\/p>\n\n\n\n<p>Xalapa, Ver.- Vecinos de la colonia Framboyanes pidieron al ayuntamiento de Xalapa que realice una obra para tapar el arroyo de aguas negras que fluye cerca de sus casas.<\/p>\n\n\n\n<p>De acuerdo con el jefe de manzana, Manuel Bello Tapia, lo que anteriormente era el r\u00edo Papas ahora representa un foco de infecci\u00f3n, mismo que podr\u00eda agudizarse en la zona por la pandemia del COVID-19.<\/p>\n\n\n\n<p>El entrevistado indic\u00f3 que ya ha sido planteada la petici\u00f3n vecinal a autoridades municipales.<\/p>\n\n\n\n<p>Adem\u00e1s, mencion\u00f3 que la gente arroja basura al riachuelo, situaci\u00f3n que ha agravado el problema de contaminaci\u00f3n.<\/p>\n\n\n\n<p>El se\u00f1or record\u00f3 que hace unos 33 a\u00f1os el agua era cristalina en el r\u00edo Papas y la gente acostumbraba beberla.<\/p>\n\n\n\n<p>Bello Tapia coment\u00f3 que se requiere una obra para tapar 100 metros lineales del r\u00edo de aguas negras.<\/p>\n\n\n\n<p>\u201cTenemos que unirnos los colonos para meter una sola petici\u00f3n al municipio, para taparlo, es un foco de infecci\u00f3n\u201d.<\/p>\n\n\n\n<p>En ese sentido, refiri\u00f3 que ya se han realizado estudios para la viabilidad de realizar la obra; sin embargo, se requiere que el gobierno municipal destine un presupuesto para llevar a cabo los trabajos.<\/p>\n\n\n\n<p>A\u00f1adi\u00f3 que el arroyo contaminado tambi\u00e9n cruza las colonias Veracruz y Manantiales.<\/p>\n","protected":false},"excerpt":{"rendered":"<p>Juan Arcos Xalapa, Ver.- Vecinos de la colonia Framboyanes pidieron al ayuntamiento de Xalapa que realice una obra para tapar el arroyo de aguas negras que fluye cerca de sus casas. De acuerdo con el jefe de manzana, Manuel Bello Tapia, lo que anteriormente era el r\u00edo Papas ahora representa un foco de infecci\u00f3n, mismo [&hellip;]<\/p>\n","protected":false},"author":1,"featured_media":2691,"comment_status":"open","ping_status":"open","sticky":false,"template":"","format":"standard","meta":{"_jetpack_memberships_contains_paid_content":false,"footnotes":""},"categories":[3],"tags":[],"class_list":["post-2690","post","type-post","status-publish","format-standard","has-post-thumbnail","hentry","category-xalapa"],"jetpack_featured_media_url":"https:\/\/encuentroinformativo.com.mx\/wp-content\/uploads\/2020\/05\/99D9E510-16D5-4949-814A-AC4BC1799173.jpeg","jetpack_sharing_enabled":true,"jetpack_likes_enabled":true,"amp_enabled":true,"_links":{"self":[{"href":"https:\/\/encuentroinformativo.com.mx\/index.php?rest_route=\/wp\/v2\/posts\/2690","targetHints":{"allow":["GET"]}}],"collection":[{"href":"https:\/\/encuentroinformativo.com.mx\/index.php?rest_route=\/wp\/v2\/posts"}],"about":[{"href":"https:\/\/encuentroinformativo.com.mx\/index.php?rest_route=\/wp\/v2\/types\/post"}],"author":[{"embeddable":true,"href":"https:\/\/encuentroinformativo.com.mx\/index.php?rest_route=\/wp\/v2\/users\/1"}],"replies":[{"embeddable":true,"href":"https:\/\/encuentroinformativo.com.mx\/index.php?rest_route=%2Fwp%2Fv2%2Fcomments&post=2690"}],"version-history":[{"count":1,"href":"https:\/\/encuentroinformativo.com.mx\/index.php?rest_route=\/wp\/v2\/posts\/2690\/revisions"}],"predecessor-version":[{"id":2692,"href":"https:\/\/encuentroinformativo.com.mx\/index.php?rest_route=\/wp\/v2\/posts\/2690\/revisions\/2692"}],"wp:featuredmedia":[{"embeddable":true,"href":"https:\/\/encuentroinformativo.com.mx\/index.php?rest_route=\/wp\/v2\/media\/2691"}],"wp:attachment":[{"href":"https:\/\/encuentroinformativo.com.mx\/index.php?rest_route=%2Fwp%2Fv2%2Fmedia&parent=2690"}],"wp:term":[{"taxonomy":"category","embeddable":true,"href":"https:\/\/encuentroinformativo.com.mx\/index.php?rest_route=%2Fwp%2Fv2%2Fcategories&post=2690"},{"taxonomy":"post_tag","embeddable":true,"href":"https:\/\/encuentroinformativo.com.mx\/index.php?rest_route=%2Fwp%2Fv2%2Ftags&post=2690"}],"curies":[{"name":"wp","href":"https:\/\/api.w.org\/{rel}","templated":true}]}}