{"id":26905,"date":"2022-05-06T16:00:58","date_gmt":"2022-05-06T21:00:58","guid":{"rendered":"https:\/\/encuentroinformativo.com.mx\/?p=26905"},"modified":"2022-05-06T16:01:00","modified_gmt":"2022-05-06T21:01:00","slug":"veracruz-segundo-lugar-en-desaparicion-de-migrantes","status":"publish","type":"post","link":"https:\/\/encuentroinformativo.com.mx\/?p=26905","title":{"rendered":"Veracruz segundo lugar en desaparici\u00f3n de Migrantes"},"content":{"rendered":"\n<p><strong>Alejandro \u00c1vila<\/strong><\/p>\n\n\n\n<p>Veracruz, Ver.- La trata de personas, secuestro y extorsi\u00f3n, son los principales delitos que sufren los migrantes en la entidad veracruzana, colocando al Estado en el segundo lugar a nivel nacional donde m\u00e1s delitos contra migrantes existen, se\u00f1al\u00f3 Thal\u00eda V\u00e1zquez Alatorre, presidenta el Movimiento Migrante Mesoamericano.<\/p>\n\n\n\n<p>Este viernes por la tarde arribo a Veracruz puerto, la Caravana de Madres Centroamericanas, quienes tambi\u00e9n lamentaron ser v\u00edctimas de discriminaci\u00f3n durante su recorrido.<\/p>\n\n\n\n<p>\u201cMe atrever\u00eda decir que primer lugar Tabasco, Veracruz y Tamaulipas, Tamaulipas en la frontera, tenemos desaparecidos en McAllen. Es muy peligroso andar por&nbsp; Coatzacoalcos, por C\u00f3rdoba, es muy peligroso para los migrantes (\u2026) es muy peligroso M\u00e9xico, desgraciadamente\u201d.<\/p>\n\n\n\n<p>La activista mencion\u00f3 que, la violencia qu\u00e9 se vive en M\u00e9xico est\u00e1 generada por la pol\u00edtica migratoria, misma que obliga a los indocumentados a transitar por el territorio nacional con mayor riesgo, exponi\u00e9ndose a la delincuencia organizada y accidentes mortales.<\/p>\n\n\n\n<p>V\u00e1zquez Alatorre agreg\u00f3 que, los migrantes viajan a escondidas y como si fueran mercanc\u00edas hacinados en tr\u00e1ilers.<\/p>\n\n\n\n<p>\u201cSe endurecen las pol\u00edticas migratorias, obliga al migrante a viajar escondido, como acaban de encontrar en C\u00f3rdoba un tr\u00e1iler con 300 migrantes en 3 pisos a punto de morir asfixiados, o como el tr\u00e1iler que se volte\u00f3 en la carretera de Chiapa de Corzo con 50 migrantes, por qu\u00e9 iban los migrantes como si fueran cerdos, como si fueran mercanc\u00eda, como si fueran qu\u00e9, por qu\u00e9 no van viajando como seres humanos, el hecho de que tengan que ir escondidos, eso obliga a los migrantes a ir por zonas peligrosas y eso es muy f\u00e1cil para las redes de trata y es muy f\u00e1cil para la delincuencia organizada\u201d.<\/p>\n\n\n\n<p>La caravana de Madres Migrantes en el puerto de Veracruz, se reunir\u00e1 con colectivas feministas y realizar\u00e1n una marcha durante la tarde de este viernes.<\/p>\n","protected":false},"excerpt":{"rendered":"<p>Alejandro \u00c1vila Veracruz, Ver.- La trata de personas, secuestro y extorsi\u00f3n, son los principales delitos que sufren los migrantes en la entidad veracruzana, colocando al Estado en el segundo lugar a nivel nacional donde m\u00e1s delitos contra migrantes existen, se\u00f1al\u00f3 Thal\u00eda V\u00e1zquez Alatorre, presidenta el Movimiento Migrante Mesoamericano. Este viernes por la tarde arribo a [&hellip;]<\/p>\n","protected":false},"author":1,"featured_media":26906,"comment_status":"open","ping_status":"open","sticky":false,"template":"","format":"standard","meta":{"_jetpack_memberships_contains_paid_content":false,"footnotes":""},"categories":[2],"tags":[],"class_list":["post-26905","post","type-post","status-publish","format-standard","has-post-thumbnail","hentry","category-estado"],"jetpack_featured_media_url":"https:\/\/encuentroinformativo.com.mx\/wp-content\/uploads\/2022\/05\/CD8F5845-BF3B-4958-9890-ACC256AE2BF3.jpeg","jetpack_sharing_enabled":true,"jetpack_likes_enabled":true,"amp_enabled":true,"_links":{"self":[{"href":"https:\/\/encuentroinformativo.com.mx\/index.php?rest_route=\/wp\/v2\/posts\/26905","targetHints":{"allow":["GET"]}}],"collection":[{"href":"https:\/\/encuentroinformativo.com.mx\/index.php?rest_route=\/wp\/v2\/posts"}],"about":[{"href":"https:\/\/encuentroinformativo.com.mx\/index.php?rest_route=\/wp\/v2\/types\/post"}],"author":[{"embeddable":true,"href":"https:\/\/encuentroinformativo.com.mx\/index.php?rest_route=\/wp\/v2\/users\/1"}],"replies":[{"embeddable":true,"href":"https:\/\/encuentroinformativo.com.mx\/index.php?rest_route=%2Fwp%2Fv2%2Fcomments&post=26905"}],"version-history":[{"count":1,"href":"https:\/\/encuentroinformativo.com.mx\/index.php?rest_route=\/wp\/v2\/posts\/26905\/revisions"}],"predecessor-version":[{"id":26907,"href":"https:\/\/encuentroinformativo.com.mx\/index.php?rest_route=\/wp\/v2\/posts\/26905\/revisions\/26907"}],"wp:featuredmedia":[{"embeddable":true,"href":"https:\/\/encuentroinformativo.com.mx\/index.php?rest_route=\/wp\/v2\/media\/26906"}],"wp:attachment":[{"href":"https:\/\/encuentroinformativo.com.mx\/index.php?rest_route=%2Fwp%2Fv2%2Fmedia&parent=26905"}],"wp:term":[{"taxonomy":"category","embeddable":true,"href":"https:\/\/encuentroinformativo.com.mx\/index.php?rest_route=%2Fwp%2Fv2%2Fcategories&post=26905"},{"taxonomy":"post_tag","embeddable":true,"href":"https:\/\/encuentroinformativo.com.mx\/index.php?rest_route=%2Fwp%2Fv2%2Ftags&post=26905"}],"curies":[{"name":"wp","href":"https:\/\/api.w.org\/{rel}","templated":true}]}}