{"id":26928,"date":"2022-05-08T12:20:13","date_gmt":"2022-05-08T17:20:13","guid":{"rendered":"https:\/\/encuentroinformativo.com.mx\/?p=26928"},"modified":"2022-05-08T12:20:17","modified_gmt":"2022-05-08T17:20:17","slug":"lo-esencial-de-la-vida","status":"publish","type":"post","link":"https:\/\/encuentroinformativo.com.mx\/?p=26928","title":{"rendered":"Lo esencial de la vida"},"content":{"rendered":"\n<p><strong>Columna de Opini\u00f3n <\/strong><\/p>\n\n\n\n<p><strong>Zaira Rosas<\/strong><\/p>\n\n\n\n<p>Vivimos en un constante ritmo vertiginoso, que rara vez da paso a preguntas profundas, sin embargo, el acelere continuo,\u00a0probablemente haga que nos llenemos de dudas sin responder. Habr\u00e1 quien ni siquiera se percate de la existencia de las mismas, pero seguramente\u00a0s\u00ed tendr\u00e1 sentimientos de vac\u00edo, dolor, inseguridad, miedo, etc., los cuales canalizamos de distintas maneras. En ocasiones son adicciones, acciones que repercuten en nuestra vida o las de los dem\u00e1s o incluso a trav\u00e9s de las palabras o las formas que tenemos de conducirnos en el d\u00eda a d\u00eda.\u00a0<\/p>\n\n\n\n<p>Cuando no tomamos una pausa para ver con consciencia lo que ocurre a nuestro alrededor o en nosotros mismos, es sumamente sencillo manejarnos en piloto autom\u00e1tico, incluso podemos considerar que vivir en esa idea de mundo que hemos creado durante a\u00f1os, es el ideal. Pero de repente llegan se\u00f1ales de alerta. Emociones que nos rebasan, acciones que no entendemos y la vida nos obliga a hacer un&nbsp;alto, a detenernos y quiz\u00e1s replantear si estamos viviendo adecuadamente.&nbsp;<\/p>\n\n\n\n<p>A veces cuando el cambio es inminente la vida nos obliga a poner un alto a nuestro estilo,&nbsp;de manera colectiva. As\u00ed, la pandemia fue una oportunidad id\u00f3nea para detenernos o avanzar seg\u00fan se requer\u00eda, fue el momento ideal para adentrarnos en lo desconocido, para atrevernos al cambio, pero tambi\u00e9n para reconocernos como miembros de un todo, con caracter\u00edsticas \u00fanicas que suman a la transformaci\u00f3n que el mundo necesita.&nbsp;<\/p>\n\n\n\n<p>El tiempo pas\u00f3 y a muchos nos lleg\u00f3 un caos, el miedo de perder a los que m\u00e1s amamos se hizo latente, la realidad nos demostr\u00f3 que&nbsp;la evoluci\u00f3n era necesaria, de lo contrario nos quedar\u00edamos estancados, frustrados y hasta arruinados.&nbsp;Pese a que la vida misma nos exige una transformaci\u00f3n constante a veces somos reacios y nos aferremos a lo que no nos corresponde, incluso a puntos tan superficiales que dif\u00edcilmente nos sostienen.&nbsp;<\/p>\n\n\n\n<p>\u00bfCu\u00e1l es entonces el objetivo de vivir? Hemos escuchado que disfrutar, ser felices, tener \u00e9xito, pero \u00bfqu\u00e9 significado tienen estas palabras para nosotros?, los japoneses definen parte de estos conceptos en el IKIGAI y encuentran un punto de equilibrio entre actividades que cada persona disfruta, que tiene habilidades para realizarlas y que sin duda aportan un bien a la comunidad. \u00bfCu\u00e1ntas veces te has preguntado si lo que haces cumple con alguna de esas caracter\u00edsticas?&nbsp;<\/p>\n\n\n\n<p>Actualmente lo esencial es mucho m\u00e1s ef\u00edmero de lo que imaginamos, quiz\u00e1s consideramos que la felicidad vendr\u00e1 cuando cumplamos&nbsp;ciertas metas, pero \u00bfqu\u00e9 seguir\u00eda despu\u00e9s?, realmente lo que a\u00f1oramos como seres humanos es&nbsp;atenci\u00f3n, pertenecer a comunidades que nos contengan en tiempos de crisis, no obstante,&nbsp;hemos olvidado cu\u00e1n importante es ser parte de una tribu,&nbsp;todo lo que tambi\u00e9n tenemos que aportar para seguir creciendo.&nbsp;<\/p>\n\n\n\n<p>Si aprendemos a colaborar y apoyar en lugar de competir o&nbsp;juzgar, entender\u00edamos que la empat\u00eda es fundamental, pondr\u00edamos m\u00e1s atenci\u00f3n a nuestras palabras, acciones y decisiones, porque en todo momento no s\u00f3lo pensar\u00edamos en nuestro bienestar, sino en un bien mayor, el de toda nuestra comunidad. Para lograr lo anterior podr\u00edamos conocer mejor un poco de nuestra historia, de los or\u00edgenes donde todos se apoyaban para un mismo objetivo, las tareas no eran de uno, se desarrollaban con la intenci\u00f3n del crecimiento colectivo y respetaban profundamente a sus dioses.<\/p>\n\n\n\n<p>La espiritualidad es otro elemento necesario en nuestros d\u00edas, creer en algo supremo que nos motive a ser mejores, si antes los dioses daban explicaci\u00f3n a fen\u00f3menos naturales, hoy la pr\u00e1ctica espiritual puede ser un sost\u00e9n cuando se pierde la fe sobre s\u00ed mismos. Al final se trata de aprender a conectar con cada uno de nuestros elementos, para los mayas cada elemento ten\u00eda relaci\u00f3n con el entorno y cultivando todas nuestras relaciones, no s\u00f3lo los v\u00ednculos humanos, sino tambi\u00e9n las relaciones con el planeta, los animales, es como se lograba el principal objetivo de la vida, vivir en plenitud y un punto de equilibrio.&nbsp;<\/p>\n\n\n\n<p>As\u00ed deber\u00edamos conducirnos en la actualidad, considerando \u00bfc\u00f3mo son mis relaciones?, hacer preguntas constantes sobre el impacto que tenemos y as\u00ed como tomamos tanto de la tierra, del entorno, de las personas, pensar tambi\u00e9n en c\u00f3mo retornar aquello que recibimos para de nueva cuenta recordar c\u00f3mo se vive en armon\u00eda.<\/p>\n","protected":false},"excerpt":{"rendered":"<p>Columna de Opini\u00f3n Zaira Rosas Vivimos en un constante ritmo vertiginoso, que rara vez da paso a preguntas profundas, sin embargo, el acelere continuo,\u00a0probablemente haga que nos llenemos de dudas sin responder. Habr\u00e1 quien ni siquiera se percate de la existencia de las mismas, pero seguramente\u00a0s\u00ed tendr\u00e1 sentimientos de vac\u00edo, dolor, inseguridad, miedo, etc., los [&hellip;]<\/p>\n","protected":false},"author":1,"featured_media":387,"comment_status":"open","ping_status":"open","sticky":false,"template":"","format":"standard","meta":{"_jetpack_memberships_contains_paid_content":false,"footnotes":""},"categories":[11],"tags":[],"class_list":["post-26928","post","type-post","status-publish","format-standard","has-post-thumbnail","hentry","category-opinion"],"jetpack_featured_media_url":"https:\/\/encuentroinformativo.com.mx\/wp-content\/uploads\/2020\/03\/7CF8A22B-2764-47BE-8F7F-38FE9E5D6A2F.jpeg","jetpack_sharing_enabled":true,"jetpack_likes_enabled":true,"amp_enabled":true,"_links":{"self":[{"href":"https:\/\/encuentroinformativo.com.mx\/index.php?rest_route=\/wp\/v2\/posts\/26928","targetHints":{"allow":["GET"]}}],"collection":[{"href":"https:\/\/encuentroinformativo.com.mx\/index.php?rest_route=\/wp\/v2\/posts"}],"about":[{"href":"https:\/\/encuentroinformativo.com.mx\/index.php?rest_route=\/wp\/v2\/types\/post"}],"author":[{"embeddable":true,"href":"https:\/\/encuentroinformativo.com.mx\/index.php?rest_route=\/wp\/v2\/users\/1"}],"replies":[{"embeddable":true,"href":"https:\/\/encuentroinformativo.com.mx\/index.php?rest_route=%2Fwp%2Fv2%2Fcomments&post=26928"}],"version-history":[{"count":1,"href":"https:\/\/encuentroinformativo.com.mx\/index.php?rest_route=\/wp\/v2\/posts\/26928\/revisions"}],"predecessor-version":[{"id":26929,"href":"https:\/\/encuentroinformativo.com.mx\/index.php?rest_route=\/wp\/v2\/posts\/26928\/revisions\/26929"}],"wp:featuredmedia":[{"embeddable":true,"href":"https:\/\/encuentroinformativo.com.mx\/index.php?rest_route=\/wp\/v2\/media\/387"}],"wp:attachment":[{"href":"https:\/\/encuentroinformativo.com.mx\/index.php?rest_route=%2Fwp%2Fv2%2Fmedia&parent=26928"}],"wp:term":[{"taxonomy":"category","embeddable":true,"href":"https:\/\/encuentroinformativo.com.mx\/index.php?rest_route=%2Fwp%2Fv2%2Fcategories&post=26928"},{"taxonomy":"post_tag","embeddable":true,"href":"https:\/\/encuentroinformativo.com.mx\/index.php?rest_route=%2Fwp%2Fv2%2Ftags&post=26928"}],"curies":[{"name":"wp","href":"https:\/\/api.w.org\/{rel}","templated":true}]}}