{"id":2693,"date":"2020-05-20T14:57:20","date_gmt":"2020-05-20T19:57:20","guid":{"rendered":"https:\/\/encuentroinformativo.com\/?p=2693"},"modified":"2020-05-20T14:57:23","modified_gmt":"2020-05-20T19:57:23","slug":"organizaciones-presentaran-amparo-por-extincion-de-fondo-ambiental","status":"publish","type":"post","link":"https:\/\/encuentroinformativo.com.mx\/?p=2693","title":{"rendered":"Organizaciones presentar\u00e1n amparo por extinci\u00f3n de Fondo Ambiental"},"content":{"rendered":"\n<p><strong>Juan Arcos <\/strong><\/p>\n\n\n\n<p>Xalapa, Ver.- Organizaciones civiles que defienden el medio ambiente tramitar\u00e1n un amparo por la extinci\u00f3n del Fondo Ambiental Veracruzano (FAV), dio a conocer Emilio Rodr\u00edguez Almaz\u00e1n, integrante de La Asamblea de Iniciativas y Defensa Ambiental (Lavida).<\/p>\n\n\n\n<p>\u201cEs viable, el acto de autoridad del Gobernador, a trav\u00e9s de este decreto es totalmente impugnable a trav\u00e9s de un amparo al ser un acto de autoridad\u201d.<\/p>\n\n\n\n<p>A su juicio, el decreto gubernamental que desaparece dicho fondo representa un retroceso en materia ambiental para Veracruz.<\/p>\n\n\n\n<p>\u201cEntonces extinguir un fondo que es innovador y que genera una opci\u00f3n para comunidades, organizaciones, en la v\u00eda ambiental es mostrar poca sensibilidad hab\u00eda el ambiente\u201d.<\/p>\n\n\n\n<p>Lavida se ha sumado a la denuncia p\u00fablica por la extinci\u00f3n del FAV y ha firmado un documento de manera colectiva con cerca de 200 organizaciones civiles, donde se le pide al Gobernador que reconsidere dicha determinaci\u00f3n.<\/p>\n\n\n\n<p>\u201cA\u00fan es tiempo para que los planes que tenia el fondo ambiental en este a\u00f1o se puedan ejecutar de manera normal\u201d, agreg\u00f3.<\/p>\n\n\n\n<p>Rodr\u00edguez Almaz\u00e1n indic\u00f3 que al no haber un fondo ambiental en Veracruz tampoco habr\u00e1 proyectos para el cuidado de los r\u00edos, mares y la vegetaci\u00f3n.<\/p>\n\n\n\n<p>Adem\u00e1s, indic\u00f3 que en Veracruz y el pa\u00eds se destinan muy pocos recursos p\u00fablicos para la conservaci\u00f3n del medio ambiente.<\/p>\n\n\n\n<p>\u201cSeguiremos como organizaciones ambientales del estado denunciando este hecho lamentable (extinci\u00f3n del FAV)\u201d, remat\u00f3.<\/p>\n","protected":false},"excerpt":{"rendered":"<p>Juan Arcos Xalapa, Ver.- Organizaciones civiles que defienden el medio ambiente tramitar\u00e1n un amparo por la extinci\u00f3n del Fondo Ambiental Veracruzano (FAV), dio a conocer Emilio Rodr\u00edguez Almaz\u00e1n, integrante de La Asamblea de Iniciativas y Defensa Ambiental (Lavida). \u201cEs viable, el acto de autoridad del Gobernador, a trav\u00e9s de este decreto es totalmente impugnable a [&hellip;]<\/p>\n","protected":false},"author":1,"featured_media":2694,"comment_status":"open","ping_status":"open","sticky":false,"template":"","format":"standard","meta":{"_jetpack_memberships_contains_paid_content":false,"footnotes":""},"categories":[2],"tags":[],"class_list":["post-2693","post","type-post","status-publish","format-standard","has-post-thumbnail","hentry","category-estado"],"jetpack_featured_media_url":"https:\/\/encuentroinformativo.com.mx\/wp-content\/uploads\/2020\/05\/2E617198-DCE0-4C43-ADE4-AEE68E5FE86B.jpeg","jetpack_sharing_enabled":true,"jetpack_likes_enabled":true,"amp_enabled":true,"_links":{"self":[{"href":"https:\/\/encuentroinformativo.com.mx\/index.php?rest_route=\/wp\/v2\/posts\/2693","targetHints":{"allow":["GET"]}}],"collection":[{"href":"https:\/\/encuentroinformativo.com.mx\/index.php?rest_route=\/wp\/v2\/posts"}],"about":[{"href":"https:\/\/encuentroinformativo.com.mx\/index.php?rest_route=\/wp\/v2\/types\/post"}],"author":[{"embeddable":true,"href":"https:\/\/encuentroinformativo.com.mx\/index.php?rest_route=\/wp\/v2\/users\/1"}],"replies":[{"embeddable":true,"href":"https:\/\/encuentroinformativo.com.mx\/index.php?rest_route=%2Fwp%2Fv2%2Fcomments&post=2693"}],"version-history":[{"count":1,"href":"https:\/\/encuentroinformativo.com.mx\/index.php?rest_route=\/wp\/v2\/posts\/2693\/revisions"}],"predecessor-version":[{"id":2695,"href":"https:\/\/encuentroinformativo.com.mx\/index.php?rest_route=\/wp\/v2\/posts\/2693\/revisions\/2695"}],"wp:featuredmedia":[{"embeddable":true,"href":"https:\/\/encuentroinformativo.com.mx\/index.php?rest_route=\/wp\/v2\/media\/2694"}],"wp:attachment":[{"href":"https:\/\/encuentroinformativo.com.mx\/index.php?rest_route=%2Fwp%2Fv2%2Fmedia&parent=2693"}],"wp:term":[{"taxonomy":"category","embeddable":true,"href":"https:\/\/encuentroinformativo.com.mx\/index.php?rest_route=%2Fwp%2Fv2%2Fcategories&post=2693"},{"taxonomy":"post_tag","embeddable":true,"href":"https:\/\/encuentroinformativo.com.mx\/index.php?rest_route=%2Fwp%2Fv2%2Ftags&post=2693"}],"curies":[{"name":"wp","href":"https:\/\/api.w.org\/{rel}","templated":true}]}}