{"id":26930,"date":"2022-05-08T12:29:49","date_gmt":"2022-05-08T17:29:49","guid":{"rendered":"https:\/\/encuentroinformativo.com.mx\/?p=26930"},"modified":"2022-05-08T12:30:08","modified_gmt":"2022-05-08T17:30:08","slug":"impulsan-programa-padrinos-por-una-vida-mas-activa","status":"publish","type":"post","link":"https:\/\/encuentroinformativo.com.mx\/?p=26930","title":{"rendered":"Impulsan programa Padrinos por una vida m\u00e1s activa"},"content":{"rendered":"\n<p><strong>Juan Arcos<\/strong><\/p>\n\n\n\n<p>Xalapa, Ver.- Aurora Guadalupe Rojas Ortigoza es instructora de nataci\u00f3n y rehabilitaci\u00f3n acu\u00e1tica en la Fundaci\u00f3n Santiago Miranda Fern\u00e1ndez y apadrina a ni\u00f1os con alguna discapacidad para que accedan a dichos servicios.<\/p>\n\n\n\n<p>Ella es la promotora del proyecto \u201cPadrinos por una vida m\u00e1s activa\u201d que surgi\u00f3 en el municipio de Banderilla, una zona conurbada con Xalapa, donde arranc\u00f3 con una poblaci\u00f3n de infantes del Centro de Atenci\u00f3n M\u00faltiple (CAM).<\/p>\n\n\n\n<p>Le entra el sentimiento y llora cuando recuerda los avances que lograron sus alumnos en tan solo un mes, pues ha sido muestra de su dedicaci\u00f3n, perseverancia y la entrega de sus estudiantes.<\/p>\n\n\n\n<p>\u201cSe pensaba primero en un proyecto peque\u00f1o, de tres meses. Me doy cuenta de que nosotros en tres meses no \u00edbamos a lograr nada, no \u00edbamos a impactar de una manera positiva\u201d, relata.<\/p>\n\n\n\n<p>Para recaudar fondos, realizaban una campa\u00f1a y vend\u00edan donas con causa, cuyos recursos eran destinados para ayudar a un mayor n\u00famero de ni\u00f1as y ni\u00f1os con discapacidad.<\/p>\n\n\n\n<p>Tambi\u00e9n se contaba con el apoyo de \u201cpadrinos\u201d, quienes cubr\u00edan los costos de los trajes de ba\u00f1o, goggles, chanclas y pa\u00f1ales acu\u00e1ticos, en algunos casos.<\/p>\n\n\n\n<p>\u201cAdem\u00e1s los padrinos cubr\u00edan una parte del pago, una cuota, pero la otra parte la cubr\u00eda la Fundaci\u00f3n Santiago Miranda. Aqu\u00ed se da, aparte de la gestion, la buena voluntad. Las cosas no pueden funcionar sin la sociedad civil, sin el municipio, el ayuntamiento de Banderilla, se responsabiliza, dona y dice: vamos con este proyecto\u201d, expresa.<\/p>\n\n\n\n<p><strong>HABILIDAD INCLUSIVA\u00a0<\/strong><\/p>\n\n\n\n<p>Aurora estudi\u00f3 una maestr\u00eda en educaci\u00f3n especial con enfoque inclusivo y logr\u00f3 conformar un grupo de 30 alumnos nadadores con distintas discapacidades, desde el trastorno del neurodesarrollo hasta discapacidades motoras.<\/p>\n\n\n\n<p>\u201cLa verdad a veces acabamos muy agotados, la primera vez que tuvimos al grupo de siete ni\u00f1os con diferentes discapacidades fue algo impactante, est\u00e1bamos acostumbrados a hacer el trabajo individual, entonces, nos sobrepas\u00f3 todo\u201d, indica.<\/p>\n\n\n\n<p>En ese momento fue necesaria la participaci\u00f3n de un mayor n\u00famero de instructores o docentes con habilidades inclusivas.<\/p>\n\n\n\n<p>\u201cLes dec\u00eda siempre a mis maestros: a partir de que se abre la puerta aqu\u00ed no hay ninguna discapacidad, aqu\u00ed no hay pobrecitos, aqu\u00ed todos pueden moverse, por favor, si no se ponen ese chip no vamos a poder lograr absolutamente nada\u201d, recuerda Rojas Ortigoza.<\/p>\n\n\n\n<p>La especialista recibi\u00f3 ni\u00f1as y ni\u00f1os que ni siquiera pod\u00edan trabajar con los dem\u00e1s integrantes del grupo por dificultades en la adaptaci\u00f3n acu\u00e1tica.<\/p>\n\n\n\n<p>La nataci\u00f3n es un deporte completo para cualquier persona desde los primeros meses de vida, ya que los beneficios son muchos y conocidos. Se ha convertido en una actividad muy aconsejable para los ni\u00f1os y ni\u00f1as con el Trastorno del Espectro Autista (TEA).<\/p>\n\n\n\n<p>La\u00a0pr\u00e1ctica de la nataci\u00f3n\u00a0es una estimulaci\u00f3n perfecta para el\u00a0desarrollo psicomotor de los ni\u00f1os, y adem\u00e1s favorece a la relajaci\u00f3n y al bienestar del ni\u00f1o.<\/p>\n\n\n\n<p>Otro aspecto importante es que el ni\u00f1o con autismo en estos momentos deportivos se encuentra en un entorno l\u00fadico donde puede hacer\u00a0ejercicio acu\u00e1tico, lo que mejora su estado an\u00edmico.<\/p>\n\n\n\n<p>\u201cCuando el ni\u00f1o no hace alg\u00fan ejercicio determinado no hay que enfadarse ni mucho menos con \u00e9l, es posible que no haya entendido lo que debe hacer o simplemente que no sepa expresar en ese momento sus sentimientos hacia esa actividad\u201d, consideran especialistas.<\/p>\n\n\n\n<p>Actualmente, la Fundaci\u00f3n Santiago Miranda es la \u00fanica que ofrece este tema de apadrinamiento y clases grupales.<\/p>\n\n\n\n<p>La alberca donde Aurora es instructora se llama \u201cGym Delfines\u201d y se encuentra sobre la\u00a0<a href=\"https:\/\/www.google.com\/maps\/search\/calle+Cofre+de+Perote+23B?entry=gmail&amp;source=g\">calle Cofre de Perote 23B<\/a>, en la colonia Jos\u00e9 Cardel, en esta ciudad de Xalapa.<\/p>\n","protected":false},"excerpt":{"rendered":"<p>Juan Arcos Xalapa, Ver.- Aurora Guadalupe Rojas Ortigoza es instructora de nataci\u00f3n y rehabilitaci\u00f3n acu\u00e1tica en la Fundaci\u00f3n Santiago Miranda Fern\u00e1ndez y apadrina a ni\u00f1os con alguna discapacidad para que accedan a dichos servicios. Ella es la promotora del proyecto \u201cPadrinos por una vida m\u00e1s activa\u201d que surgi\u00f3 en el municipio de Banderilla, una zona [&hellip;]<\/p>\n","protected":false},"author":1,"featured_media":26931,"comment_status":"open","ping_status":"open","sticky":false,"template":"","format":"standard","meta":{"_jetpack_memberships_contains_paid_content":false,"footnotes":""},"categories":[8],"tags":[],"class_list":["post-26930","post","type-post","status-publish","format-standard","has-post-thumbnail","hentry","category-region"],"jetpack_featured_media_url":"https:\/\/encuentroinformativo.com.mx\/wp-content\/uploads\/2022\/05\/92391430-9CB2-47EB-9B2E-6672FD3DFDF2.jpeg","jetpack_sharing_enabled":true,"jetpack_likes_enabled":true,"amp_enabled":true,"_links":{"self":[{"href":"https:\/\/encuentroinformativo.com.mx\/index.php?rest_route=\/wp\/v2\/posts\/26930","targetHints":{"allow":["GET"]}}],"collection":[{"href":"https:\/\/encuentroinformativo.com.mx\/index.php?rest_route=\/wp\/v2\/posts"}],"about":[{"href":"https:\/\/encuentroinformativo.com.mx\/index.php?rest_route=\/wp\/v2\/types\/post"}],"author":[{"embeddable":true,"href":"https:\/\/encuentroinformativo.com.mx\/index.php?rest_route=\/wp\/v2\/users\/1"}],"replies":[{"embeddable":true,"href":"https:\/\/encuentroinformativo.com.mx\/index.php?rest_route=%2Fwp%2Fv2%2Fcomments&post=26930"}],"version-history":[{"count":1,"href":"https:\/\/encuentroinformativo.com.mx\/index.php?rest_route=\/wp\/v2\/posts\/26930\/revisions"}],"predecessor-version":[{"id":26932,"href":"https:\/\/encuentroinformativo.com.mx\/index.php?rest_route=\/wp\/v2\/posts\/26930\/revisions\/26932"}],"wp:featuredmedia":[{"embeddable":true,"href":"https:\/\/encuentroinformativo.com.mx\/index.php?rest_route=\/wp\/v2\/media\/26931"}],"wp:attachment":[{"href":"https:\/\/encuentroinformativo.com.mx\/index.php?rest_route=%2Fwp%2Fv2%2Fmedia&parent=26930"}],"wp:term":[{"taxonomy":"category","embeddable":true,"href":"https:\/\/encuentroinformativo.com.mx\/index.php?rest_route=%2Fwp%2Fv2%2Fcategories&post=26930"},{"taxonomy":"post_tag","embeddable":true,"href":"https:\/\/encuentroinformativo.com.mx\/index.php?rest_route=%2Fwp%2Fv2%2Ftags&post=26930"}],"curies":[{"name":"wp","href":"https:\/\/api.w.org\/{rel}","templated":true}]}}