{"id":26936,"date":"2022-05-08T16:26:34","date_gmt":"2022-05-08T21:26:34","guid":{"rendered":"https:\/\/encuentroinformativo.com.mx\/?p=26936"},"modified":"2022-05-08T16:26:38","modified_gmt":"2022-05-08T21:26:38","slug":"analizan-gobernador-y-conagua-el-rescate-de-la-laguna-de-san-julian","status":"publish","type":"post","link":"https:\/\/encuentroinformativo.com.mx\/?p=26936","title":{"rendered":"Analizan Gobernador y CONAGUA el rescate de la laguna de San Juli\u00e1n"},"content":{"rendered":"\n<p>Veracruz, Ver.- Este domingo, el gobernador Cuitl\u00e1huac Garc\u00eda Jim\u00e9nez, acompa\u00f1ado por personal escializado de la Comisi\u00f3n Nacional del Agua (CONAGUA), realiz\u00f3 la segunda visita de evaluaci\u00f3n para el rescate de la laguna de San Juli\u00e1n, en respuesta a la solicitud de la poblaci\u00f3n que ah\u00ed habita.<\/p>\n\n\n\n<p>Este sistema lagunar del puerto de Veracruz se compone de 32 cuerpos de agua, sin embargo, debido a la sequ\u00eda de los \u00faltimos a\u00f1os y las altas temperaturas ocasionadas por el cambio clim\u00e1tico, actualmente cuenta con s\u00f3lo el 45 por ciento de agua.<\/p>\n\n\n\n<p>Para contrarrestar los da\u00f1os, la Secretar\u00eda de Medio Ambiente realiz\u00f3 acciones de limpieza del lirio acu\u00e1tico y est\u00e1 en proceso un estudio de permeabilidad del suelo para eliminar obstrucciones y localizar puntos factibles para las tareas de dragado y reforestaci\u00f3n; junto con SEMARNAT, se reforzaron las acciones de vigilancia para evitar el descargue indebido de las industrias.<\/p>\n\n\n\n<p>Durante el recorrido, el mandatario reiter\u00f3 la importancia de conjuntar acciones con los diferentes \u00f3rdenes de Gobierno y la sociedad civil, a fin de recuperar la laguna, que adem\u00e1s de ser hogar de aves y peces, es una reserva de agua dulce de la cual dependen los habitantes de la comunidad.<\/p>\n","protected":false},"excerpt":{"rendered":"<p>Veracruz, Ver.- Este domingo, el gobernador Cuitl\u00e1huac Garc\u00eda Jim\u00e9nez, acompa\u00f1ado por personal escializado de la Comisi\u00f3n Nacional del Agua (CONAGUA), realiz\u00f3 la segunda visita de evaluaci\u00f3n para el rescate de la laguna de San Juli\u00e1n, en respuesta a la solicitud de la poblaci\u00f3n que ah\u00ed habita. Este sistema lagunar del puerto de Veracruz se compone [&hellip;]<\/p>\n","protected":false},"author":1,"featured_media":26937,"comment_status":"open","ping_status":"open","sticky":false,"template":"","format":"standard","meta":{"_jetpack_memberships_contains_paid_content":false,"footnotes":""},"categories":[2],"tags":[],"class_list":["post-26936","post","type-post","status-publish","format-standard","has-post-thumbnail","hentry","category-estado"],"jetpack_featured_media_url":"https:\/\/encuentroinformativo.com.mx\/wp-content\/uploads\/2022\/05\/2589B2E6-C2D0-4C32-BF2B-1523BF94CF8F.jpeg","jetpack_sharing_enabled":true,"jetpack_likes_enabled":true,"amp_enabled":true,"_links":{"self":[{"href":"https:\/\/encuentroinformativo.com.mx\/index.php?rest_route=\/wp\/v2\/posts\/26936","targetHints":{"allow":["GET"]}}],"collection":[{"href":"https:\/\/encuentroinformativo.com.mx\/index.php?rest_route=\/wp\/v2\/posts"}],"about":[{"href":"https:\/\/encuentroinformativo.com.mx\/index.php?rest_route=\/wp\/v2\/types\/post"}],"author":[{"embeddable":true,"href":"https:\/\/encuentroinformativo.com.mx\/index.php?rest_route=\/wp\/v2\/users\/1"}],"replies":[{"embeddable":true,"href":"https:\/\/encuentroinformativo.com.mx\/index.php?rest_route=%2Fwp%2Fv2%2Fcomments&post=26936"}],"version-history":[{"count":1,"href":"https:\/\/encuentroinformativo.com.mx\/index.php?rest_route=\/wp\/v2\/posts\/26936\/revisions"}],"predecessor-version":[{"id":26938,"href":"https:\/\/encuentroinformativo.com.mx\/index.php?rest_route=\/wp\/v2\/posts\/26936\/revisions\/26938"}],"wp:featuredmedia":[{"embeddable":true,"href":"https:\/\/encuentroinformativo.com.mx\/index.php?rest_route=\/wp\/v2\/media\/26937"}],"wp:attachment":[{"href":"https:\/\/encuentroinformativo.com.mx\/index.php?rest_route=%2Fwp%2Fv2%2Fmedia&parent=26936"}],"wp:term":[{"taxonomy":"category","embeddable":true,"href":"https:\/\/encuentroinformativo.com.mx\/index.php?rest_route=%2Fwp%2Fv2%2Fcategories&post=26936"},{"taxonomy":"post_tag","embeddable":true,"href":"https:\/\/encuentroinformativo.com.mx\/index.php?rest_route=%2Fwp%2Fv2%2Ftags&post=26936"}],"curies":[{"name":"wp","href":"https:\/\/api.w.org\/{rel}","templated":true}]}}