{"id":26950,"date":"2022-05-09T11:40:26","date_gmt":"2022-05-09T16:40:26","guid":{"rendered":"https:\/\/encuentroinformativo.com.mx\/?p=26950"},"modified":"2022-05-09T11:40:29","modified_gmt":"2022-05-09T16:40:29","slug":"se-reunira-amlo-con-productores-veracruzanos","status":"publish","type":"post","link":"https:\/\/encuentroinformativo.com.mx\/?p=26950","title":{"rendered":"Se reunir\u00e1 AMLO con productores veracruzanos"},"content":{"rendered":"\n<p><strong>Dar\u00edo Pale<\/strong><\/p>\n\n\n\n<p>Xalapa, Ver.- El presidente de M\u00e9xico Andr\u00e9s Manuel L\u00f3pez Obrador visitar\u00e1 al pr\u00f3ximo s\u00e1bado 14 de mayo el estado de Veracruz donde se reunir\u00e1 con agr\u00f3nomos y productores del campo.<\/p>\n\n\n\n<p>En su tradicional conferencia ma\u00f1anera el d\u00eda de hoy dio a conocer que tambi\u00e9n ir\u00e1 a los estados de Monterrey, Guadalajara y Puebla, coment\u00f3 que la gira inicia a partir del viernes 13 de mayo.<\/p>\n\n\n\n<p>L\u00f3pez Obrador, destac\u00f3 que la gira es para impulsar la campa\u00f1a de siembra para el auto consumo, por lo que se tendr\u00eda al menos de 10 mil a 12 mil agr\u00f3nomos reunidos.<\/p>\n\n\n\n<p>&#8220;Pienso que nos vamos a reunir con diez o 12 mil agr\u00f3nomos t\u00e9cnicos para impulsar esta campa\u00f1a de sembrar para el autoconsumo, sembrar para comer&#8221;, se\u00f1al\u00f3.<\/p>\n\n\n\n<p>Es se mencionar que para el s\u00e1bado por la ma\u00f1ana, el mandatario estar\u00e1 en Veracruz y por la tarde en Puebla.<\/p>\n\n\n\n<p>Por \u00faltimo dio a conocer que para el domingo 15 de mayo, estar\u00e1 en un evento en la Ciudad de M\u00e9xico por motivo del D\u00eda del Maestro.<\/p>\n","protected":false},"excerpt":{"rendered":"<p>Dar\u00edo Pale Xalapa, Ver.- El presidente de M\u00e9xico Andr\u00e9s Manuel L\u00f3pez Obrador visitar\u00e1 al pr\u00f3ximo s\u00e1bado 14 de mayo el estado de Veracruz donde se reunir\u00e1 con agr\u00f3nomos y productores del campo. En su tradicional conferencia ma\u00f1anera el d\u00eda de hoy dio a conocer que tambi\u00e9n ir\u00e1 a los estados de Monterrey, Guadalajara y Puebla, [&hellip;]<\/p>\n","protected":false},"author":1,"featured_media":26951,"comment_status":"open","ping_status":"open","sticky":false,"template":"","format":"standard","meta":{"_jetpack_memberships_contains_paid_content":false,"footnotes":""},"categories":[2],"tags":[],"class_list":["post-26950","post","type-post","status-publish","format-standard","has-post-thumbnail","hentry","category-estado"],"jetpack_featured_media_url":"https:\/\/encuentroinformativo.com.mx\/wp-content\/uploads\/2022\/05\/4AE8A42C-C3B0-476E-ADAC-B071E25930AE.jpeg","jetpack_sharing_enabled":true,"jetpack_likes_enabled":true,"amp_enabled":true,"_links":{"self":[{"href":"https:\/\/encuentroinformativo.com.mx\/index.php?rest_route=\/wp\/v2\/posts\/26950","targetHints":{"allow":["GET"]}}],"collection":[{"href":"https:\/\/encuentroinformativo.com.mx\/index.php?rest_route=\/wp\/v2\/posts"}],"about":[{"href":"https:\/\/encuentroinformativo.com.mx\/index.php?rest_route=\/wp\/v2\/types\/post"}],"author":[{"embeddable":true,"href":"https:\/\/encuentroinformativo.com.mx\/index.php?rest_route=\/wp\/v2\/users\/1"}],"replies":[{"embeddable":true,"href":"https:\/\/encuentroinformativo.com.mx\/index.php?rest_route=%2Fwp%2Fv2%2Fcomments&post=26950"}],"version-history":[{"count":1,"href":"https:\/\/encuentroinformativo.com.mx\/index.php?rest_route=\/wp\/v2\/posts\/26950\/revisions"}],"predecessor-version":[{"id":26952,"href":"https:\/\/encuentroinformativo.com.mx\/index.php?rest_route=\/wp\/v2\/posts\/26950\/revisions\/26952"}],"wp:featuredmedia":[{"embeddable":true,"href":"https:\/\/encuentroinformativo.com.mx\/index.php?rest_route=\/wp\/v2\/media\/26951"}],"wp:attachment":[{"href":"https:\/\/encuentroinformativo.com.mx\/index.php?rest_route=%2Fwp%2Fv2%2Fmedia&parent=26950"}],"wp:term":[{"taxonomy":"category","embeddable":true,"href":"https:\/\/encuentroinformativo.com.mx\/index.php?rest_route=%2Fwp%2Fv2%2Fcategories&post=26950"},{"taxonomy":"post_tag","embeddable":true,"href":"https:\/\/encuentroinformativo.com.mx\/index.php?rest_route=%2Fwp%2Fv2%2Ftags&post=26950"}],"curies":[{"name":"wp","href":"https:\/\/api.w.org\/{rel}","templated":true}]}}