{"id":26954,"date":"2022-05-09T12:10:57","date_gmt":"2022-05-09T17:10:57","guid":{"rendered":"https:\/\/encuentroinformativo.com.mx\/?p=26954"},"modified":"2022-05-09T12:11:00","modified_gmt":"2022-05-09T17:11:00","slug":"sindicatos-magisteriales-reclaman-informacion-sobre-federalizacion-de-nominas","status":"publish","type":"post","link":"https:\/\/encuentroinformativo.com.mx\/?p=26954","title":{"rendered":"Sindicatos magisteriales reclaman informaci\u00f3n sobre federalizaci\u00f3n de n\u00f3minas"},"content":{"rendered":"\n<p><strong>Dar\u00edo Pale <\/strong><\/p>\n\n\n\n<p>Xalapa, Ver.- Maestros del Sindicato Unificador Magisterial (SUMA), Sindicato Magisterial Veracruzano (SMV), Sindicato Integrador Alternativo de los Trabajadores de la Educaci\u00f3n en M\u00e9xico (SIATEM), Sindicato Innovador Sindical al Servicio de los Trabajadores de la Educaci\u00f3n (INSISTE), se manifestaron para solicitar informaci\u00f3n sobre la federalizaci\u00f3n de las n\u00f3minas estatales.<\/p>\n\n\n\n<p>Entrevistados durante la manifestaci\u00f3n en las escalinatas de la catedral metropolitana, dieron a conocer que el motivo de la concentraci\u00f3n es para pedir informaci\u00f3n sobre la Federalizaci\u00f3n de la N\u00f3mina Estatal anunciada por la Secretar\u00eda de Educaci\u00f3n P\u00fablica.<\/p>\n\n\n\n<p>Minelia C\u00f3rdoba Herrera de SUMA dio a conocer que, &#8220;estamos alzando la voz estos sindicatos que somos de lucha, para poder exigir al Gobierno, informaci\u00f3n sobre marcos normativos que rigen esta iniciativa&#8221;.<\/p>\n\n\n\n<p>Entre las principales dudas, expusieron el temor de que desaprezca el Instituto de Pensiones del Estado (IPE) y si sus cuotas sindicales pasar\u00edan ahora al Instituto Mexicano del Seguro Social (IMSS) o al Instituto de Seguridad Social y Servicios Sociales de los Trabajadores del Estado (ISSSTE), entre otras.<\/p>\n\n\n\n<p>&#8220;No estamos en contra de ninguna reforma. Queremos tener la informaci\u00f3n de c\u00f3mo puede beneficiarnos o a su vez perjudicarnos&#8230; le pedimos al se\u00f1or gobernador Cuitl\u00e1huac Garc\u00eda Jim\u00e9nez, al secretario de Educaci\u00f3n que sean los portavoces, que sean los gestores en la Ciudad de M\u00e9xico, que sean los portavoces y vertir la informaci\u00f3n&#8221;, se\u00f1al\u00f3.<\/p>\n\n\n\n<p>Aseguran que como en Xalapa, har\u00e1n reuniones con los trabajadores de la educaci\u00f3n en \u00a0Veracruz, Poza Rica y Orizaba, entre otros municipios.<\/p>\n\n\n\n<p>Finalmente dieron a conocer que temen tambi\u00e9n que cuando haya retrasos en sus pagos, la Secretar\u00eda de Educaci\u00f3n de Veracruz, es decir, el Estado, no les resuelva \u00e9stas y otras demandas como la recategorizaci\u00f3n de los docentes.<\/p>\n","protected":false},"excerpt":{"rendered":"<p>Dar\u00edo Pale Xalapa, Ver.- Maestros del Sindicato Unificador Magisterial (SUMA), Sindicato Magisterial Veracruzano (SMV), Sindicato Integrador Alternativo de los Trabajadores de la Educaci\u00f3n en M\u00e9xico (SIATEM), Sindicato Innovador Sindical al Servicio de los Trabajadores de la Educaci\u00f3n (INSISTE), se manifestaron para solicitar informaci\u00f3n sobre la federalizaci\u00f3n de las n\u00f3minas estatales. Entrevistados durante la manifestaci\u00f3n en [&hellip;]<\/p>\n","protected":false},"author":1,"featured_media":26955,"comment_status":"open","ping_status":"open","sticky":false,"template":"","format":"standard","meta":{"_jetpack_memberships_contains_paid_content":false,"footnotes":""},"categories":[3],"tags":[],"class_list":["post-26954","post","type-post","status-publish","format-standard","has-post-thumbnail","hentry","category-xalapa"],"jetpack_featured_media_url":"https:\/\/encuentroinformativo.com.mx\/wp-content\/uploads\/2022\/05\/1904D012-BE45-46CB-AEF7-0B8CBE54067B.jpeg","jetpack_sharing_enabled":true,"jetpack_likes_enabled":true,"amp_enabled":true,"_links":{"self":[{"href":"https:\/\/encuentroinformativo.com.mx\/index.php?rest_route=\/wp\/v2\/posts\/26954","targetHints":{"allow":["GET"]}}],"collection":[{"href":"https:\/\/encuentroinformativo.com.mx\/index.php?rest_route=\/wp\/v2\/posts"}],"about":[{"href":"https:\/\/encuentroinformativo.com.mx\/index.php?rest_route=\/wp\/v2\/types\/post"}],"author":[{"embeddable":true,"href":"https:\/\/encuentroinformativo.com.mx\/index.php?rest_route=\/wp\/v2\/users\/1"}],"replies":[{"embeddable":true,"href":"https:\/\/encuentroinformativo.com.mx\/index.php?rest_route=%2Fwp%2Fv2%2Fcomments&post=26954"}],"version-history":[{"count":1,"href":"https:\/\/encuentroinformativo.com.mx\/index.php?rest_route=\/wp\/v2\/posts\/26954\/revisions"}],"predecessor-version":[{"id":26956,"href":"https:\/\/encuentroinformativo.com.mx\/index.php?rest_route=\/wp\/v2\/posts\/26954\/revisions\/26956"}],"wp:featuredmedia":[{"embeddable":true,"href":"https:\/\/encuentroinformativo.com.mx\/index.php?rest_route=\/wp\/v2\/media\/26955"}],"wp:attachment":[{"href":"https:\/\/encuentroinformativo.com.mx\/index.php?rest_route=%2Fwp%2Fv2%2Fmedia&parent=26954"}],"wp:term":[{"taxonomy":"category","embeddable":true,"href":"https:\/\/encuentroinformativo.com.mx\/index.php?rest_route=%2Fwp%2Fv2%2Fcategories&post=26954"},{"taxonomy":"post_tag","embeddable":true,"href":"https:\/\/encuentroinformativo.com.mx\/index.php?rest_route=%2Fwp%2Fv2%2Ftags&post=26954"}],"curies":[{"name":"wp","href":"https:\/\/api.w.org\/{rel}","templated":true}]}}