{"id":26958,"date":"2022-05-09T12:42:02","date_gmt":"2022-05-09T17:42:02","guid":{"rendered":"https:\/\/encuentroinformativo.com.mx\/?p=26958"},"modified":"2022-05-09T12:42:06","modified_gmt":"2022-05-09T17:42:06","slug":"rechazan-estudiantes-remodelacion-a-casa-del-lago","status":"publish","type":"post","link":"https:\/\/encuentroinformativo.com.mx\/?p=26958","title":{"rendered":"Rechazan estudiantes remodelaci\u00f3n a Casa del Lago"},"content":{"rendered":"\n<p><strong>Juan Arcos <\/strong><\/p>\n\n\n\n<p>Xalapa, Ver.- Estudiantes y profesores de distintas facultades de la Universidad Veracruzana (UV) marcharon este lunes en rechazo a los trabajos de remodelaci\u00f3n que se llevan a cabo en la Casa del Lago, un espacio cultural y art\u00edstico que depende de la m\u00e1xima casa de estudios.<\/p>\n\n\n\n<p>Los alumnos de las facultades de Danza, Teatro, Artes Pl\u00e1sticas, M\u00fasica y Jazz UV protestaron e iniciaron su recorrido en la Facultad de Artes y se trasladaron hasta las oficinas de la Rector\u00eda.<\/p>\n\n\n\n<p>En el sitio exigieron al rector Mart\u00edn Aguilar S\u00e1nchez que d\u00e9 a conocer el proyecto para la remodelaci\u00f3n del espacio, pues temen que el edificio sea \u201cderrumbado\u201d.<\/p>\n\n\n\n<p>De acuerdo con la profesora de Danza, Esther Landa, las autoridades universitarias podr\u00edan desaparecer el foro \u201cMiguel Herrera Olivo\u201d para construir foros abiertos.<\/p>\n\n\n\n<p>La entrevistada mencion\u00f3 que cada vez hay menos espacios para las presentaciones culturales y art\u00edsticas. Por ello, el proyecto de la Casa del Lago es considerado un atentado, avalado por las autoridades universitarias.<\/p>\n\n\n\n<p>Desde hace m\u00e1s de dos a\u00f1os y medio, los alumnos no han podido hacer uso de las instalaciones del mencionado lugar, debido a las remodelaciones que iniciaron antes de la pandemia del Sars-Cov2 (Covid-19).<\/p>\n\n\n\n<p>Los estudiantes y maestros portaban playeras azules y en su mayor\u00eda iban de negro. Adem\u00e1s, llevaban instrumentos y tocaron y bailaron en la Rector\u00eda para exigir una soluci\u00f3n.<\/p>\n\n\n\n<figure class=\"wp-block-image size-large\"><img loading=\"lazy\" decoding=\"async\" width=\"1024\" height=\"683\" src=\"https:\/\/encuentroinformativo.com.mx\/wp-content\/uploads\/2022\/05\/2DC4622F-217B-4DAE-8E3D-ECD58D816026-1024x683.jpeg\" alt=\"\" class=\"wp-image-26960\" srcset=\"https:\/\/encuentroinformativo.com.mx\/wp-content\/uploads\/2022\/05\/2DC4622F-217B-4DAE-8E3D-ECD58D816026-1024x683.jpeg 1024w, https:\/\/encuentroinformativo.com.mx\/wp-content\/uploads\/2022\/05\/2DC4622F-217B-4DAE-8E3D-ECD58D816026-300x200.jpeg 300w, https:\/\/encuentroinformativo.com.mx\/wp-content\/uploads\/2022\/05\/2DC4622F-217B-4DAE-8E3D-ECD58D816026-768x512.jpeg 768w, https:\/\/encuentroinformativo.com.mx\/wp-content\/uploads\/2022\/05\/2DC4622F-217B-4DAE-8E3D-ECD58D816026.jpeg 1488w\" sizes=\"auto, (max-width: 1024px) 100vw, 1024px\" \/><\/figure>\n\n\n\n<figure class=\"wp-block-image size-large\"><img loading=\"lazy\" decoding=\"async\" width=\"1024\" height=\"683\" src=\"https:\/\/encuentroinformativo.com.mx\/wp-content\/uploads\/2022\/05\/34E2AF38-7043-4207-8678-9496F1398B8B-1024x683.jpeg\" alt=\"\" class=\"wp-image-26961\" srcset=\"https:\/\/encuentroinformativo.com.mx\/wp-content\/uploads\/2022\/05\/34E2AF38-7043-4207-8678-9496F1398B8B-1024x683.jpeg 1024w, https:\/\/encuentroinformativo.com.mx\/wp-content\/uploads\/2022\/05\/34E2AF38-7043-4207-8678-9496F1398B8B-300x200.jpeg 300w, https:\/\/encuentroinformativo.com.mx\/wp-content\/uploads\/2022\/05\/34E2AF38-7043-4207-8678-9496F1398B8B-768x512.jpeg 768w, https:\/\/encuentroinformativo.com.mx\/wp-content\/uploads\/2022\/05\/34E2AF38-7043-4207-8678-9496F1398B8B.jpeg 1488w\" sizes=\"auto, (max-width: 1024px) 100vw, 1024px\" \/><\/figure>\n","protected":false},"excerpt":{"rendered":"<p>Juan Arcos Xalapa, Ver.- Estudiantes y profesores de distintas facultades de la Universidad Veracruzana (UV) marcharon este lunes en rechazo a los trabajos de remodelaci\u00f3n que se llevan a cabo en la Casa del Lago, un espacio cultural y art\u00edstico que depende de la m\u00e1xima casa de estudios. Los alumnos de las facultades de Danza, [&hellip;]<\/p>\n","protected":false},"author":1,"featured_media":26959,"comment_status":"open","ping_status":"open","sticky":false,"template":"","format":"standard","meta":{"_jetpack_memberships_contains_paid_content":false,"footnotes":""},"categories":[3],"tags":[],"class_list":["post-26958","post","type-post","status-publish","format-standard","has-post-thumbnail","hentry","category-xalapa"],"jetpack_featured_media_url":"https:\/\/encuentroinformativo.com.mx\/wp-content\/uploads\/2022\/05\/75525E1A-B9F0-4FDE-AD40-C6EE728CAA34.jpeg","jetpack_sharing_enabled":true,"jetpack_likes_enabled":true,"amp_enabled":true,"_links":{"self":[{"href":"https:\/\/encuentroinformativo.com.mx\/index.php?rest_route=\/wp\/v2\/posts\/26958","targetHints":{"allow":["GET"]}}],"collection":[{"href":"https:\/\/encuentroinformativo.com.mx\/index.php?rest_route=\/wp\/v2\/posts"}],"about":[{"href":"https:\/\/encuentroinformativo.com.mx\/index.php?rest_route=\/wp\/v2\/types\/post"}],"author":[{"embeddable":true,"href":"https:\/\/encuentroinformativo.com.mx\/index.php?rest_route=\/wp\/v2\/users\/1"}],"replies":[{"embeddable":true,"href":"https:\/\/encuentroinformativo.com.mx\/index.php?rest_route=%2Fwp%2Fv2%2Fcomments&post=26958"}],"version-history":[{"count":1,"href":"https:\/\/encuentroinformativo.com.mx\/index.php?rest_route=\/wp\/v2\/posts\/26958\/revisions"}],"predecessor-version":[{"id":26962,"href":"https:\/\/encuentroinformativo.com.mx\/index.php?rest_route=\/wp\/v2\/posts\/26958\/revisions\/26962"}],"wp:featuredmedia":[{"embeddable":true,"href":"https:\/\/encuentroinformativo.com.mx\/index.php?rest_route=\/wp\/v2\/media\/26959"}],"wp:attachment":[{"href":"https:\/\/encuentroinformativo.com.mx\/index.php?rest_route=%2Fwp%2Fv2%2Fmedia&parent=26958"}],"wp:term":[{"taxonomy":"category","embeddable":true,"href":"https:\/\/encuentroinformativo.com.mx\/index.php?rest_route=%2Fwp%2Fv2%2Fcategories&post=26958"},{"taxonomy":"post_tag","embeddable":true,"href":"https:\/\/encuentroinformativo.com.mx\/index.php?rest_route=%2Fwp%2Fv2%2Ftags&post=26958"}],"curies":[{"name":"wp","href":"https:\/\/api.w.org\/{rel}","templated":true}]}}