{"id":26963,"date":"2022-05-09T12:44:13","date_gmt":"2022-05-09T17:44:13","guid":{"rendered":"https:\/\/encuentroinformativo.com.mx\/?p=26963"},"modified":"2022-05-09T12:44:16","modified_gmt":"2022-05-09T17:44:16","slug":"alumnos-bloquean-avenida-cuauhtemoc-por-falta-de-luz-en-la-escuela","status":"publish","type":"post","link":"https:\/\/encuentroinformativo.com.mx\/?p=26963","title":{"rendered":"Alumnos bloquean Avenida Cuauht\u00e9moc por falta de luz en la escuela"},"content":{"rendered":"\n<p><strong>Alejandro \u00c1vila<\/strong><\/p>\n\n\n\n<p>Veracruz, Ver.- La avenida Cuauht\u00e9moc a la altura de la calle Alcocer, justo donde se encuentra la sede de la Comisi\u00f3n Federal de Electricidad (CFE), fue bloqueada la ma\u00f1ana de este lunes por alumnos de la primaria &#8220;Juan Malpica Silva&#8221;.<\/p>\n\n\n\n<p>Los padres de familia de la escuela ubicada sobre la calle Campero entre calle 1 y Circunvalaci\u00f3n, y quienes acompa\u00f1aron a sus peque\u00f1os en la manifestaci\u00f3n, aseguran desde hace 15 d\u00edas no cuentan con energ\u00eda el\u00e9ctrica en la instituci\u00f3n educativa.<\/p>\n\n\n\n<p>&#8220;\u00bfPara qui\u00e9n va la queja?, tanto para CFE, c\u00f3mo para el gobierno, como para la SEV, que nos volteen a ver, porque realmente no tenemos el apoyo de ninguno de ellos en el momento que m\u00e1s se est\u00e1 necesitando&#8221;, declar\u00f3 Beatriz Adriana Jim\u00e9nez, presidenta de la Asociaci\u00f3n de Padres de Familia.<\/p>\n\n\n\n<p>Los afectados relatan que, el cableado de cobre que abastece de energ\u00eda el\u00e9ctrica al plantel educativo fue robado hace 15 d\u00edas, y el costo para que vuelva a funcionar, es de aproximadamente 20 mil pesos, monto econ\u00f3mico con el cual no cuentan al momento.<\/p>\n\n\n\n<p>La situaci\u00f3n afecta a 500 alumnos que se ven imposibilitados de regresar a clases presenciales.<\/p>\n","protected":false},"excerpt":{"rendered":"<p>Alejandro \u00c1vila Veracruz, Ver.- La avenida Cuauht\u00e9moc a la altura de la calle Alcocer, justo donde se encuentra la sede de la Comisi\u00f3n Federal de Electricidad (CFE), fue bloqueada la ma\u00f1ana de este lunes por alumnos de la primaria &#8220;Juan Malpica Silva&#8221;. Los padres de familia de la escuela ubicada sobre la calle Campero entre [&hellip;]<\/p>\n","protected":false},"author":1,"featured_media":26964,"comment_status":"open","ping_status":"open","sticky":false,"template":"","format":"standard","meta":{"_jetpack_memberships_contains_paid_content":false,"footnotes":""},"categories":[2],"tags":[],"class_list":["post-26963","post","type-post","status-publish","format-standard","has-post-thumbnail","hentry","category-estado"],"jetpack_featured_media_url":"https:\/\/encuentroinformativo.com.mx\/wp-content\/uploads\/2022\/05\/3C3BFEDE-7C30-48B2-A5F2-B7E4BACE07D7.jpeg","jetpack_sharing_enabled":true,"jetpack_likes_enabled":true,"amp_enabled":true,"_links":{"self":[{"href":"https:\/\/encuentroinformativo.com.mx\/index.php?rest_route=\/wp\/v2\/posts\/26963","targetHints":{"allow":["GET"]}}],"collection":[{"href":"https:\/\/encuentroinformativo.com.mx\/index.php?rest_route=\/wp\/v2\/posts"}],"about":[{"href":"https:\/\/encuentroinformativo.com.mx\/index.php?rest_route=\/wp\/v2\/types\/post"}],"author":[{"embeddable":true,"href":"https:\/\/encuentroinformativo.com.mx\/index.php?rest_route=\/wp\/v2\/users\/1"}],"replies":[{"embeddable":true,"href":"https:\/\/encuentroinformativo.com.mx\/index.php?rest_route=%2Fwp%2Fv2%2Fcomments&post=26963"}],"version-history":[{"count":1,"href":"https:\/\/encuentroinformativo.com.mx\/index.php?rest_route=\/wp\/v2\/posts\/26963\/revisions"}],"predecessor-version":[{"id":26965,"href":"https:\/\/encuentroinformativo.com.mx\/index.php?rest_route=\/wp\/v2\/posts\/26963\/revisions\/26965"}],"wp:featuredmedia":[{"embeddable":true,"href":"https:\/\/encuentroinformativo.com.mx\/index.php?rest_route=\/wp\/v2\/media\/26964"}],"wp:attachment":[{"href":"https:\/\/encuentroinformativo.com.mx\/index.php?rest_route=%2Fwp%2Fv2%2Fmedia&parent=26963"}],"wp:term":[{"taxonomy":"category","embeddable":true,"href":"https:\/\/encuentroinformativo.com.mx\/index.php?rest_route=%2Fwp%2Fv2%2Fcategories&post=26963"},{"taxonomy":"post_tag","embeddable":true,"href":"https:\/\/encuentroinformativo.com.mx\/index.php?rest_route=%2Fwp%2Fv2%2Ftags&post=26963"}],"curies":[{"name":"wp","href":"https:\/\/api.w.org\/{rel}","templated":true}]}}