{"id":26966,"date":"2022-05-09T13:06:41","date_gmt":"2022-05-09T18:06:41","guid":{"rendered":"https:\/\/encuentroinformativo.com.mx\/?p=26966"},"modified":"2022-05-09T14:10:26","modified_gmt":"2022-05-09T19:10:26","slug":"se-buscara-conciliacion-federico-salomon","status":"publish","type":"post","link":"https:\/\/encuentroinformativo.com.mx\/?p=26966","title":{"rendered":"Se buscar\u00e1 conciliaci\u00f3n: Federico Salom\u00f3n"},"content":{"rendered":"\n<p><strong>Dar\u00edo Pale <\/strong><\/p>\n\n\n\n<p>Xalapa, Ver.- El Presidente del Comit\u00e9 Directivo Estatal (CDE) del Partido Acci\u00f3n Nacional (PAN) Federico Salom\u00f3n Molina, dio a conocer que est\u00e1 abierto a un frente opositor por lo que unir\u00e1n fuerzas para vencer a Morena.<\/p>\n\n\n\n<p>En conferencia de prensa se\u00f1al\u00f3 que, luego de un largo camino para que la planilla que encabeza pudiera llegar a la dirigencia estatal, se buscar\u00e1 reforzar a la militancia y tener unidad.<\/p>\n\n\n\n<p>\u201cSi hay actividades y objetivos, ah\u00ed estaremos y si no, buscaremos conciliar para lograr lo mejor para Veracruz\u201d, se\u00f1al\u00f3.<\/p>\n\n\n\n<p>En ese sentido, habl\u00f3 sobre ser viable que se pueda replicar en la entidad lo que ya se logr\u00f3 a nivel federal y que ha permitido frenar algunas iniciativas que remiti\u00f3 el presidente Andr\u00e9s Manuel L\u00f3pez Obrador.<\/p>\n\n\n\n<p>Para ello, ofreci\u00f3 al PAN como una verdadera oposici\u00f3n al servicio de la gente, por que resalt\u00f3 que se tendr\u00e1 una voz firme para las demandas ciudadanas .<\/p>\n\n\n\n<p>\u201cSiempre habr\u00e1 una voz firme para que las demandas ciudadanas se escuchen, y la realidad resuene all\u00e1 en el palacio de gobierno\u201d, coment\u00f3.<\/p>\n\n\n\n<p>Cabe recordar que hace unos d\u00edas la Sala Superior del Tribunal Electoral del Poder Judicial de la Federaci\u00f3n (TEPJF) confirm\u00f3 el triunfo de la planilla de Federico Federico Salom\u00f3n e Indira Rosales para la dirigencia y secretaria general del PAN respectivamente.<\/p>\n","protected":false},"excerpt":{"rendered":"<p>Dar\u00edo Pale Xalapa, Ver.- El Presidente del Comit\u00e9 Directivo Estatal (CDE) del Partido Acci\u00f3n Nacional (PAN) Federico Salom\u00f3n Molina, dio a conocer que est\u00e1 abierto a un frente opositor por lo que unir\u00e1n fuerzas para vencer a Morena. En conferencia de prensa se\u00f1al\u00f3 que, luego de un largo camino para que la planilla que encabeza [&hellip;]<\/p>\n","protected":false},"author":1,"featured_media":26983,"comment_status":"open","ping_status":"open","sticky":false,"template":"","format":"standard","meta":{"_jetpack_memberships_contains_paid_content":false,"footnotes":""},"categories":[2],"tags":[],"class_list":["post-26966","post","type-post","status-publish","format-standard","has-post-thumbnail","hentry","category-estado"],"jetpack_featured_media_url":"https:\/\/encuentroinformativo.com.mx\/wp-content\/uploads\/2022\/05\/8D0EF3A8-6D72-4FE7-ADDE-102426F9C4A9.jpeg","jetpack_sharing_enabled":true,"jetpack_likes_enabled":true,"amp_enabled":true,"_links":{"self":[{"href":"https:\/\/encuentroinformativo.com.mx\/index.php?rest_route=\/wp\/v2\/posts\/26966","targetHints":{"allow":["GET"]}}],"collection":[{"href":"https:\/\/encuentroinformativo.com.mx\/index.php?rest_route=\/wp\/v2\/posts"}],"about":[{"href":"https:\/\/encuentroinformativo.com.mx\/index.php?rest_route=\/wp\/v2\/types\/post"}],"author":[{"embeddable":true,"href":"https:\/\/encuentroinformativo.com.mx\/index.php?rest_route=\/wp\/v2\/users\/1"}],"replies":[{"embeddable":true,"href":"https:\/\/encuentroinformativo.com.mx\/index.php?rest_route=%2Fwp%2Fv2%2Fcomments&post=26966"}],"version-history":[{"count":1,"href":"https:\/\/encuentroinformativo.com.mx\/index.php?rest_route=\/wp\/v2\/posts\/26966\/revisions"}],"predecessor-version":[{"id":26968,"href":"https:\/\/encuentroinformativo.com.mx\/index.php?rest_route=\/wp\/v2\/posts\/26966\/revisions\/26968"}],"wp:featuredmedia":[{"embeddable":true,"href":"https:\/\/encuentroinformativo.com.mx\/index.php?rest_route=\/wp\/v2\/media\/26983"}],"wp:attachment":[{"href":"https:\/\/encuentroinformativo.com.mx\/index.php?rest_route=%2Fwp%2Fv2%2Fmedia&parent=26966"}],"wp:term":[{"taxonomy":"category","embeddable":true,"href":"https:\/\/encuentroinformativo.com.mx\/index.php?rest_route=%2Fwp%2Fv2%2Fcategories&post=26966"},{"taxonomy":"post_tag","embeddable":true,"href":"https:\/\/encuentroinformativo.com.mx\/index.php?rest_route=%2Fwp%2Fv2%2Ftags&post=26966"}],"curies":[{"name":"wp","href":"https:\/\/api.w.org\/{rel}","templated":true}]}}