{"id":26980,"date":"2022-05-09T14:02:09","date_gmt":"2022-05-09T19:02:09","guid":{"rendered":"https:\/\/encuentroinformativo.com.mx\/?p=26980"},"modified":"2022-05-09T14:02:12","modified_gmt":"2022-05-09T19:02:12","slug":"velodromo-sera-rehabilitado-informo-el-gobernador","status":"publish","type":"post","link":"https:\/\/encuentroinformativo.com.mx\/?p=26980","title":{"rendered":"Vel\u00f3dromo ser\u00e1 rehabilitado, inform\u00f3 el Gobernador"},"content":{"rendered":"\n<p>Xalapa, Ver.- El gobernador Cuitl\u00e1huac Garc\u00eda Jim\u00e9nez informo que el pr\u00f3ximo a\u00f1o iniciar\u00e1n la rehabilitaci\u00f3n del Vel\u00f3dromo de Xalapa tras ser utilizado como Centro de Atenci\u00f3n M\u00e9dica Expandida durante la Pandemia por COVID19.<\/p>\n","protected":false},"excerpt":{"rendered":"<p>Xalapa, Ver.- El gobernador Cuitl\u00e1huac Garc\u00eda Jim\u00e9nez informo que el pr\u00f3ximo a\u00f1o iniciar\u00e1n la rehabilitaci\u00f3n del Vel\u00f3dromo de Xalapa tras ser utilizado como Centro de Atenci\u00f3n M\u00e9dica Expandida durante la Pandemia por COVID19.<\/p>\n","protected":false},"author":1,"featured_media":26981,"comment_status":"open","ping_status":"open","sticky":false,"template":"","format":"standard","meta":{"_jetpack_memberships_contains_paid_content":false,"footnotes":""},"categories":[2],"tags":[],"class_list":["post-26980","post","type-post","status-publish","format-standard","has-post-thumbnail","hentry","category-estado"],"jetpack_featured_media_url":"https:\/\/encuentroinformativo.com.mx\/wp-content\/uploads\/2022\/05\/C8DE56FE-CA62-4E8C-BD3D-87370A33F5FA.jpeg","jetpack_sharing_enabled":true,"jetpack_likes_enabled":true,"amp_enabled":true,"_links":{"self":[{"href":"https:\/\/encuentroinformativo.com.mx\/index.php?rest_route=\/wp\/v2\/posts\/26980","targetHints":{"allow":["GET"]}}],"collection":[{"href":"https:\/\/encuentroinformativo.com.mx\/index.php?rest_route=\/wp\/v2\/posts"}],"about":[{"href":"https:\/\/encuentroinformativo.com.mx\/index.php?rest_route=\/wp\/v2\/types\/post"}],"author":[{"embeddable":true,"href":"https:\/\/encuentroinformativo.com.mx\/index.php?rest_route=\/wp\/v2\/users\/1"}],"replies":[{"embeddable":true,"href":"https:\/\/encuentroinformativo.com.mx\/index.php?rest_route=%2Fwp%2Fv2%2Fcomments&post=26980"}],"version-history":[{"count":1,"href":"https:\/\/encuentroinformativo.com.mx\/index.php?rest_route=\/wp\/v2\/posts\/26980\/revisions"}],"predecessor-version":[{"id":26982,"href":"https:\/\/encuentroinformativo.com.mx\/index.php?rest_route=\/wp\/v2\/posts\/26980\/revisions\/26982"}],"wp:featuredmedia":[{"embeddable":true,"href":"https:\/\/encuentroinformativo.com.mx\/index.php?rest_route=\/wp\/v2\/media\/26981"}],"wp:attachment":[{"href":"https:\/\/encuentroinformativo.com.mx\/index.php?rest_route=%2Fwp%2Fv2%2Fmedia&parent=26980"}],"wp:term":[{"taxonomy":"category","embeddable":true,"href":"https:\/\/encuentroinformativo.com.mx\/index.php?rest_route=%2Fwp%2Fv2%2Fcategories&post=26980"},{"taxonomy":"post_tag","embeddable":true,"href":"https:\/\/encuentroinformativo.com.mx\/index.php?rest_route=%2Fwp%2Fv2%2Ftags&post=26980"}],"curies":[{"name":"wp","href":"https:\/\/api.w.org\/{rel}","templated":true}]}}