{"id":26984,"date":"2022-05-09T14:47:50","date_gmt":"2022-05-09T19:47:50","guid":{"rendered":"https:\/\/encuentroinformativo.com.mx\/?p=26984"},"modified":"2022-05-09T14:47:54","modified_gmt":"2022-05-09T19:47:54","slug":"suspenden-clases-por-falta-de-energia-electrica","status":"publish","type":"post","link":"https:\/\/encuentroinformativo.com.mx\/?p=26984","title":{"rendered":"Suspenden clases por falta de energ\u00eda el\u00e9ctrica"},"content":{"rendered":"\n<p><strong>Alejandro \u00c1vila<\/strong><\/p>\n\n\n\n<p>Veracruz, Ver.- Desde hace 7 d\u00edas la escuela&nbsp; primaria &#8220;H\u00e9roes del 21 de abril&#8221; suspendi\u00f3 sus clases debido a la falta de energ\u00eda el\u00e9ctrica en el plantel educativo.<\/p>\n\n\n\n<p>Padres de familia y alumnos de la escuela ubicada en la colonia Amapolas se manifestaron afuera del inmueble en protesta por la suspensi\u00f3n de clases.<\/p>\n\n\n\n<p>Por acuerdo entre maestras y madres de familia se suspendieron las actividades presenciales, con el fin de no exponer a los menores de edad a las altas temperaturas que se han registrado durante las \u00faltimas semanas en la ciudad de Veracruz, donde la sensaci\u00f3n t\u00e9rmica lleg\u00f3 a los 40 grados cent\u00edgrados.<\/p>\n\n\n\n<p>Al no haber luz, no existe posibilidad de encender el sistema de aire acondicionado, dijeron las madres de familia que protestaron esta ma\u00f1ana de lunes.<\/p>\n\n\n\n<p>Los 400 alumnos matriculados entre los turnos matutino y vespertino volvieron a clases en l\u00ednea mientras se resuelve el problema.<\/p>\n\n\n\n<p>\u201cAhorita con los calores no hay clases, de plano se suspendieron y tiene una semana. Tambi\u00e9n como se robaron los climas los ni\u00f1os no pueden estar tanto tiempo en las aulas (\u2026) los ni\u00f1os ya regresaron a presenciales desde agosto del a\u00f1o pasado pero hoy no hay clases por lo de la luz. De nada sirve que los maestros est\u00e9n disponibles si al final de cuentas la escuela no est\u00e1 en condiciones para recibir clases\u201d, dijo Luisa Elena Leyva, madre de familia.<\/p>\n\n\n\n<p>Personal de la Comisi\u00f3n Federal de Electricidad (CFE) comenz\u00f3 con la valoraci\u00f3n de los da\u00f1os. El dictamen a primera vista, seg\u00fan los t\u00e9cnicos, es que el medidor se sulfat\u00f3 y por lo tanto tendr\u00e1 que ser sustituido.<\/p>\n\n\n\n<p>El inconveniente para las madres de los estudiantes es que el dinero para la reparaci\u00f3n tendr\u00e1 que salir de sus propios bolsillos.<\/p>\n","protected":false},"excerpt":{"rendered":"<p>Alejandro \u00c1vila Veracruz, Ver.- Desde hace 7 d\u00edas la escuela&nbsp; primaria &#8220;H\u00e9roes del 21 de abril&#8221; suspendi\u00f3 sus clases debido a la falta de energ\u00eda el\u00e9ctrica en el plantel educativo. Padres de familia y alumnos de la escuela ubicada en la colonia Amapolas se manifestaron afuera del inmueble en protesta por la suspensi\u00f3n de clases. [&hellip;]<\/p>\n","protected":false},"author":1,"featured_media":26985,"comment_status":"open","ping_status":"open","sticky":false,"template":"","format":"standard","meta":{"_jetpack_memberships_contains_paid_content":false,"footnotes":""},"categories":[2],"tags":[],"class_list":["post-26984","post","type-post","status-publish","format-standard","has-post-thumbnail","hentry","category-estado"],"jetpack_featured_media_url":"https:\/\/encuentroinformativo.com.mx\/wp-content\/uploads\/2022\/05\/8310B59B-A3B9-4DCC-9051-FB1B996B925F.jpeg","jetpack_sharing_enabled":true,"jetpack_likes_enabled":true,"amp_enabled":true,"_links":{"self":[{"href":"https:\/\/encuentroinformativo.com.mx\/index.php?rest_route=\/wp\/v2\/posts\/26984","targetHints":{"allow":["GET"]}}],"collection":[{"href":"https:\/\/encuentroinformativo.com.mx\/index.php?rest_route=\/wp\/v2\/posts"}],"about":[{"href":"https:\/\/encuentroinformativo.com.mx\/index.php?rest_route=\/wp\/v2\/types\/post"}],"author":[{"embeddable":true,"href":"https:\/\/encuentroinformativo.com.mx\/index.php?rest_route=\/wp\/v2\/users\/1"}],"replies":[{"embeddable":true,"href":"https:\/\/encuentroinformativo.com.mx\/index.php?rest_route=%2Fwp%2Fv2%2Fcomments&post=26984"}],"version-history":[{"count":1,"href":"https:\/\/encuentroinformativo.com.mx\/index.php?rest_route=\/wp\/v2\/posts\/26984\/revisions"}],"predecessor-version":[{"id":26986,"href":"https:\/\/encuentroinformativo.com.mx\/index.php?rest_route=\/wp\/v2\/posts\/26984\/revisions\/26986"}],"wp:featuredmedia":[{"embeddable":true,"href":"https:\/\/encuentroinformativo.com.mx\/index.php?rest_route=\/wp\/v2\/media\/26985"}],"wp:attachment":[{"href":"https:\/\/encuentroinformativo.com.mx\/index.php?rest_route=%2Fwp%2Fv2%2Fmedia&parent=26984"}],"wp:term":[{"taxonomy":"category","embeddable":true,"href":"https:\/\/encuentroinformativo.com.mx\/index.php?rest_route=%2Fwp%2Fv2%2Fcategories&post=26984"},{"taxonomy":"post_tag","embeddable":true,"href":"https:\/\/encuentroinformativo.com.mx\/index.php?rest_route=%2Fwp%2Fv2%2Ftags&post=26984"}],"curies":[{"name":"wp","href":"https:\/\/api.w.org\/{rel}","templated":true}]}}