{"id":270,"date":"2020-03-02T14:49:09","date_gmt":"2020-03-02T20:49:09","guid":{"rendered":"https:\/\/encuentroinformativodotcomdotmx.wordpress.com\/2020\/03\/02\/anuncian-festival-de-musica-y-arte-sacro\/"},"modified":"2020-03-02T14:49:09","modified_gmt":"2020-03-02T20:49:09","slug":"anuncian-festival-de-musica-y-arte-sacro","status":"publish","type":"post","link":"https:\/\/encuentroinformativo.com.mx\/?p=270","title":{"rendered":"Anuncian festival de M\u00fasica y Arte Sacro"},"content":{"rendered":"\n<figure class=\"wp-block-image size-large\"><img loading=\"lazy\" decoding=\"async\" width=\"1280\" height=\"960\" src=\"https:\/\/encuentroinformativo.com.mx\/wp-content\/uploads\/2020\/03\/ezy-watermark_02-03-2020_02-44-46p.m..jpg?w=1024\" alt=\"\" class=\"wp-image-269\" srcset=\"https:\/\/encuentroinformativo.com.mx\/wp-content\/uploads\/2020\/03\/ezy-watermark_02-03-2020_02-44-46p.m..jpg 1280w, https:\/\/encuentroinformativo.com.mx\/wp-content\/uploads\/2020\/03\/ezy-watermark_02-03-2020_02-44-46p.m.-300x225.jpg 300w, https:\/\/encuentroinformativo.com.mx\/wp-content\/uploads\/2020\/03\/ezy-watermark_02-03-2020_02-44-46p.m.-1024x768.jpg 1024w, https:\/\/encuentroinformativo.com.mx\/wp-content\/uploads\/2020\/03\/ezy-watermark_02-03-2020_02-44-46p.m.-768x576.jpg 768w, https:\/\/encuentroinformativo.com.mx\/wp-content\/uploads\/2020\/03\/ezy-watermark_02-03-2020_02-44-46p.m.-1200x900.jpg 1200w\" sizes=\"auto, (max-width: 1280px) 100vw, 1280px\" \/><\/figure>\n\n\n\n<p><strong>Dar\u00edo Pale <\/strong><\/p>\n\n\n\n<p>Xalapa, Ver.- Luz del Carmen Blanco Cornejo, directora del Festival de Arte y M\u00fasica Sacros, dio a conocer que este a\u00f1o ofrecer\u00e1 a los asistentes un viaje cultural para conocer el Santuario del Cristo Negro en Otatitl\u00e1n y un recorrido por algunas de las iglesias m\u00e1s antiguas de Xalapa.<\/p>\n\n\n\n<p>En conferencia de prensa realizada en conocido caf\u00e9 del centro de Xalapa se\u00f1al\u00f3 que en la capital del estado se realizar\u00e1 la quinta edici\u00f3n del Festival de M\u00fasica y Arte Sacro, donde las actividades se realizar\u00e1n del 29 de marzo al 4 de abril e incluye un viaje cultura al Santuario del Cristo Negro de Otatitl\u00e1n.<\/p>\n\n\n\n<p>Se\u00f1al\u00f3 que se realiza porque en este lugar se conserva una de las tres esculturas de Cristo Negro que Felipe II comision\u00f3 al Duque Juan de O Donoj\u00fa para adquirirlas a un escultor londinense.<\/p>\n\n\n\n<p>\u201cEn ese a\u00f1o, el rey Felipe II envi\u00f3 a la Nueva Espa\u00f1a tres Cristos y uno de ellos es el que est\u00e1 en Otatitl\u00e1n, por ello la importancia de conocer ese lugar de Veracruz. Esta visita se realizar\u00e1 el pr\u00f3ximo 29 de marzo\u201d, coment\u00f3.<\/p>\n\n\n\n<p>Record\u00f3 que en los tiempos del gobernador Sebasti\u00e1n Lerdo de Tejada, este Cristo fue decapitado e incluso sufri\u00f3 un intento de incineramiento, que oblig\u00f3 a los fieles a tallar una nueva cabeza.<\/p>\n\n\n\n<p>Como parte de las actividades tambi\u00e9n se realizar\u00e1 un recorrido guiado por las iglesias m\u00e1s antiguas de Xalapa, como la iglesia del Calvario y Santiaguito.<\/p>\n\n\n\n<p>\u201cTienen vestigios de lo que fue el convento franciscano de la natividad; ser\u00e1 gratuito y se realizar\u00e1 el s\u00e1bado 4 de abril a las 11 de la ma\u00f1ana\u201d, finaliz\u00f3.<\/p>\n","protected":false},"excerpt":{"rendered":"<p>Dar\u00edo Pale Xalapa, Ver.- Luz del Carmen Blanco Cornejo, directora del Festival de Arte y M\u00fasica Sacros, dio a conocer que este a\u00f1o ofrecer\u00e1 a los asistentes un viaje cultural para conocer el Santuario del Cristo Negro en Otatitl\u00e1n y un recorrido por algunas de las iglesias m\u00e1s antiguas de Xalapa. En conferencia de prensa [&hellip;]<\/p>\n","protected":false},"author":1,"featured_media":269,"comment_status":"open","ping_status":"open","sticky":false,"template":"","format":"standard","meta":{"_jetpack_memberships_contains_paid_content":false,"footnotes":""},"categories":[3],"tags":[],"class_list":["post-270","post","type-post","status-publish","format-standard","has-post-thumbnail","hentry","category-xalapa"],"jetpack_featured_media_url":"https:\/\/encuentroinformativo.com.mx\/wp-content\/uploads\/2020\/03\/ezy-watermark_02-03-2020_02-44-46p.m..jpg","jetpack_sharing_enabled":true,"jetpack_likes_enabled":true,"amp_enabled":true,"_links":{"self":[{"href":"https:\/\/encuentroinformativo.com.mx\/index.php?rest_route=\/wp\/v2\/posts\/270","targetHints":{"allow":["GET"]}}],"collection":[{"href":"https:\/\/encuentroinformativo.com.mx\/index.php?rest_route=\/wp\/v2\/posts"}],"about":[{"href":"https:\/\/encuentroinformativo.com.mx\/index.php?rest_route=\/wp\/v2\/types\/post"}],"author":[{"embeddable":true,"href":"https:\/\/encuentroinformativo.com.mx\/index.php?rest_route=\/wp\/v2\/users\/1"}],"replies":[{"embeddable":true,"href":"https:\/\/encuentroinformativo.com.mx\/index.php?rest_route=%2Fwp%2Fv2%2Fcomments&post=270"}],"version-history":[{"count":0,"href":"https:\/\/encuentroinformativo.com.mx\/index.php?rest_route=\/wp\/v2\/posts\/270\/revisions"}],"wp:featuredmedia":[{"embeddable":true,"href":"https:\/\/encuentroinformativo.com.mx\/index.php?rest_route=\/wp\/v2\/media\/269"}],"wp:attachment":[{"href":"https:\/\/encuentroinformativo.com.mx\/index.php?rest_route=%2Fwp%2Fv2%2Fmedia&parent=270"}],"wp:term":[{"taxonomy":"category","embeddable":true,"href":"https:\/\/encuentroinformativo.com.mx\/index.php?rest_route=%2Fwp%2Fv2%2Fcategories&post=270"},{"taxonomy":"post_tag","embeddable":true,"href":"https:\/\/encuentroinformativo.com.mx\/index.php?rest_route=%2Fwp%2Fv2%2Ftags&post=270"}],"curies":[{"name":"wp","href":"https:\/\/api.w.org\/{rel}","templated":true}]}}