{"id":2700,"date":"2020-05-20T17:05:01","date_gmt":"2020-05-20T22:05:01","guid":{"rendered":"https:\/\/encuentroinformativo.com\/?p=2700"},"modified":"2020-05-20T17:05:03","modified_gmt":"2020-05-20T22:05:03","slug":"fiscalia-requiere-imparcialidad-evangelicos","status":"publish","type":"post","link":"https:\/\/encuentroinformativo.com.mx\/?p=2700","title":{"rendered":"Fiscal\u00eda requiere imparcialidad: Evang\u00e9licos"},"content":{"rendered":"\n<p><strong>Dar\u00edo Pale<\/strong><\/p>\n\n\n\n<p>Xalapa, Ver.- Ya urge una Fiscal\u00eda General del Estado que sea imparcial y aut\u00f3noma por ello consider\u00f3 como necesario que sea nombrado ya por los diputados locales quien ser\u00e1 el titular de dicha dependencia, as\u00ed lo se\u00f1al\u00f3 el presidente de la Red Evang\u00e9lica del Estado de Veracruz, Guillermo Trujillo \u00c1lvarez.<\/p>\n\n\n\n<p>En conferencia de prensa realizada en conocido caf\u00e9 del centro de Xalapa afirm\u00f3 que los representantes populares van a elegir de manera imparcial y revisando &nbsp;el curr\u00edculum de los aspirantes a ocupar la Fiscal\u00eda General del Estado.<\/p>\n\n\n\n<p>\u201cNo veamos moros con trichentes sino que se ponga a trabajar &nbsp;desde el primer d\u00eda, tenemos que darle todo nuestro voto de confianza\u201d, se\u00f1al\u00f3.<\/p>\n\n\n\n<p>En otro orden de ideas se\u00f1al\u00f3 que tambi\u00e9n los nombramientos del IVAI sean gente a prueba de fuego ya que es lo que hace falta porque la corrupci\u00f3n es lo que m\u00e1s agravia a los veracruzanos, y eso se da dentro del servicio p\u00fablico de los gobiernos, por lo que hace falta mucha transparencia.<\/p>\n\n\n\n<p>Finalmente exhort\u00f3 a los diputados locales para que revisen bien los curriculum de los aspirantes y quien se llegue a elegir lo tienen que respaldar y apoyar ya sea el Fiscal General del Estado, Anticorrupci\u00f3n o del IVAI.<\/p>\n","protected":false},"excerpt":{"rendered":"<p>Dar\u00edo Pale Xalapa, Ver.- Ya urge una Fiscal\u00eda General del Estado que sea imparcial y aut\u00f3noma por ello consider\u00f3 como necesario que sea nombrado ya por los diputados locales quien ser\u00e1 el titular de dicha dependencia, as\u00ed lo se\u00f1al\u00f3 el presidente de la Red Evang\u00e9lica del Estado de Veracruz, Guillermo Trujillo \u00c1lvarez. En conferencia de [&hellip;]<\/p>\n","protected":false},"author":1,"featured_media":982,"comment_status":"open","ping_status":"open","sticky":false,"template":"","format":"standard","meta":{"_jetpack_memberships_contains_paid_content":false,"footnotes":""},"categories":[2],"tags":[],"class_list":["post-2700","post","type-post","status-publish","format-standard","has-post-thumbnail","hentry","category-estado"],"jetpack_featured_media_url":"https:\/\/encuentroinformativo.com.mx\/wp-content\/uploads\/2020\/03\/5C9706CB-75CF-4324-A9DF-8CF3A38AFD5F.jpeg","jetpack_sharing_enabled":true,"jetpack_likes_enabled":true,"amp_enabled":true,"_links":{"self":[{"href":"https:\/\/encuentroinformativo.com.mx\/index.php?rest_route=\/wp\/v2\/posts\/2700","targetHints":{"allow":["GET"]}}],"collection":[{"href":"https:\/\/encuentroinformativo.com.mx\/index.php?rest_route=\/wp\/v2\/posts"}],"about":[{"href":"https:\/\/encuentroinformativo.com.mx\/index.php?rest_route=\/wp\/v2\/types\/post"}],"author":[{"embeddable":true,"href":"https:\/\/encuentroinformativo.com.mx\/index.php?rest_route=\/wp\/v2\/users\/1"}],"replies":[{"embeddable":true,"href":"https:\/\/encuentroinformativo.com.mx\/index.php?rest_route=%2Fwp%2Fv2%2Fcomments&post=2700"}],"version-history":[{"count":1,"href":"https:\/\/encuentroinformativo.com.mx\/index.php?rest_route=\/wp\/v2\/posts\/2700\/revisions"}],"predecessor-version":[{"id":2701,"href":"https:\/\/encuentroinformativo.com.mx\/index.php?rest_route=\/wp\/v2\/posts\/2700\/revisions\/2701"}],"wp:featuredmedia":[{"embeddable":true,"href":"https:\/\/encuentroinformativo.com.mx\/index.php?rest_route=\/wp\/v2\/media\/982"}],"wp:attachment":[{"href":"https:\/\/encuentroinformativo.com.mx\/index.php?rest_route=%2Fwp%2Fv2%2Fmedia&parent=2700"}],"wp:term":[{"taxonomy":"category","embeddable":true,"href":"https:\/\/encuentroinformativo.com.mx\/index.php?rest_route=%2Fwp%2Fv2%2Fcategories&post=2700"},{"taxonomy":"post_tag","embeddable":true,"href":"https:\/\/encuentroinformativo.com.mx\/index.php?rest_route=%2Fwp%2Fv2%2Ftags&post=2700"}],"curies":[{"name":"wp","href":"https:\/\/api.w.org\/{rel}","templated":true}]}}