{"id":27001,"date":"2022-05-10T11:32:01","date_gmt":"2022-05-10T16:32:01","guid":{"rendered":"https:\/\/encuentroinformativo.com.mx\/?p=27001"},"modified":"2022-05-10T11:32:05","modified_gmt":"2022-05-10T16:32:05","slug":"no-hay-medicos-la-salvacion-es-cuba","status":"publish","type":"post","link":"https:\/\/encuentroinformativo.com.mx\/?p=27001","title":{"rendered":"NO HAY M\u00c9DICOS\u2026 \u00bfLA SALVACI\u00d3N ES CUBA?"},"content":{"rendered":"\n<p><strong>ColumnaSinNombre<br>@pablojair<\/strong><\/p>\n\n\n\n<ul class=\"wp-block-list\"><li>Ejecutan a dos periodistas en Cosoleacaque.<\/li><li>Detectaron a gente armada horas antes en Mina.<\/li><li>Detienen a pez gordo en Xalapa; llevaba 7 a\u00f1os pr\u00f3fugo.<\/li><\/ul>\n\n\n\n<p>\u00bfY si en lugar de chelas, vienen por el agua?<br>\u2014Chopenjawer<\/p>\n\n\n\n<p>Este lunes, en la conferencia \u201cma\u00f1anera\u201d, el presidente Andr\u00e9s Manuel L\u00f3pez Obrador coment\u00f3 sobre la contrataci\u00f3n de 500 m\u00e9dicos cubanos (menos lo que probablemente van a desertar y pelarse pa\u2019l gabacho) para atender en comunidades alejadas de M\u00e9xico como Tlapa, Guerrero, en la sierra de ese estado.<\/p>\n\n\n\n<p>El mandatario anunci\u00f3 lo anterior y abund\u00f3 que el problema era que los m\u00e9dicos mexicanos no quer\u00edan vivir en Tlapa.<\/p>\n\n\n\n<p>Si lo anterior es verdad, y no es mero asunto de negocio (se sabe que Cuba gana como pa\u00eds a trav\u00e9s de la contrataci\u00f3n de sus m\u00e9dicos, sumado a que le van a comprar vacunas contra Covid), la verdad le asiste a L\u00f3pez Obrador.<\/p>\n\n\n\n<p>Desde hace unos meses, un amigo tuvo la necesidad de movilizarse a Villahermosa, Tabasco, desde Minatitl\u00e1n, Veracruz, debido a que no hay especialistas en el hospital de Pemex para atenderlo por un problema de salud. De hecho, desde hace rato hay \u00e1reas especializadas que no est\u00e1n siendo atendidas all\u00ed por la falta de personal m\u00e9dico, por lo que son canalizadas a otros hospitales cercanos como en el caso del ubicado en la capital del pozol y el pejelagarto.<\/p>\n\n\n\n<p>\u00bfY por qu\u00e9 no hay especialistas? Porque nadie quiere vivir en Minatitl\u00e1n.<\/p>\n\n\n\n<p>Aparte del calor infernal que se siente bastante fuerte por estas fechas, esta hist\u00f3rica petrolera ciudad \u2014Coatzacoalcos tambi\u00e9n\u2014 tiene la imagen de ser un lugar inseguro por constantes extorsiones y secuestros contra m\u00e9dicos. Este ha sido el principal motivo por el cual los residentes prefieren buscar otras opciones, otros lugares.<\/p>\n\n\n\n<p>Tambi\u00e9n hay qu\u00e9 decirlo: fuera de la comida y la banda que es muy chida, la ciudad no tiene atractivo alguno. No es un lugar donde uno pudiera decir: \u201cah\u00ed me voy a retirar el resto de mis d\u00edas para pasarla tranquilo\u201d.<\/p>\n\n\n\n<p>Lo anterior es curioso, porque son los estudiantes de medicina y educaci\u00f3n los que constantemente hacen protestas para solicitar plazas en Salud o el magisterio; as\u00ed nada m\u00e1s para que se les otorguen sin saberse si est\u00e1n aptos para tenerlas: s\u00f3lo por el hecho de haber supuestamente estudiado la carrera.<\/p>\n\n\n\n<p>Pero tambi\u00e9n es harto conocido (afortunadamente hay honrosas excepciones) que muchos piden lugares c\u00f3modos, de buen clima, cerca de ciudades grandes, con atractivo tur\u00edstico. La mayor\u00eda busca el cambio de adscripci\u00f3n cuando les toca en zonas alejadas, rurales.<\/p>\n\n\n\n<p>A lo mejor, en una de esas, hasta resulta que llegan cubanos al Hospital de Pemex de Minatitl\u00e1n, por aquello de que nadie quiere irse a mi rancho.<\/p>\n\n\n\n<p>Siempre ser\u00e1 criticado (m\u00e1s en estos tiempos polarizados de la Cuarta Transformeishion) el que vengan m\u00e9dicos cubanos a M\u00e9xico. En el siglo pasado, en los gobiernos del priato, siempre se aliment\u00f3 el mito de que la medicina de ese pa\u00eds era una de las mejores del mundo.<\/p>\n\n\n\n<p>Al paso de los a\u00f1os, ese mito se ha ido esclareciendo: ni son tan fregones como siempre se presumi\u00f3, ni tampoco son tan malos.<\/p>\n\n\n\n<p>Hace algunos a\u00f1os, un familiar especializado en Pediatr\u00eda estuvo en un congreso de medicina en Cuba y me platic\u00f3 sus impresiones sobre la realidad que vio: son buenos en medicina preventiva, pero es debido a sus circunstancias que persisten hasta el d\u00eda de hoy.<\/p>\n\n\n\n<p>Los cubanos no padecen (o son muy pocos casos) de hipertensi\u00f3n o diabetes, debido a que no tienen los excesos que s\u00ed tienen los mexicanos. Aparte de que el estado les obliga al servicio militar o a la pr\u00e1ctica de un deporte o al baile.<\/p>\n\n\n\n<p>El cubano tampoco tiene acceso ilimitado a la sal o a la az\u00facar (por el famoso raciocinio) como en M\u00e9xico s\u00ed la hay; menos consumen la carne roja o la tortilla, pues su dieta es m\u00e1s basada en tub\u00e9rculos y pan. Incluso se puede decir que no son muy afectos al cerdo, pues el famoso pan con lech\u00f3n hasta parece que no es un alimento de sus preferidos, y optan mejor por el pollo y el pescado.<\/p>\n\n\n\n<p>Y es que en pl\u00e1tica con cubanos, estos comentaban que esas enfermedades eran una carga para el estado (no hay consultorios o cl\u00ednicas privadas, pues todos tienen acceso a los servicios m\u00e9dicos por igual) que se podr\u00edan evitar por parte del ciudadano com\u00fan cuidando su alimentaci\u00f3n y haciendo alguna actividad f\u00edsica.<\/p>\n\n\n\n<p>En resumen, los cubanos, cubanas, \u201ccubanes\u201d, son personas sanas, beneficiadas ir\u00f3nicamente por la escasez y por el r\u00e9gimen que los obliga a activarse f\u00edsicamente.<\/p>\n\n\n\n<p>Otro de los mitos es que los cubanos tienen una cura milagrosa contra el vitiligo, pero puedo decirle que este padecimiento lo tengo desde hace a\u00f1os y su tratamiento de alcohol con placenta no fue precisamente algo que retrasara, desvaneciera o desapareciera las manchas.<\/p>\n\n\n\n<p>Quien comenta tambi\u00e9n del asunto es el conocido m\u00e9dico Benito Navarrete, desde Ciudad Isla: \u201cNi de broma un especialista formado en Cuba es mejor que uno en M\u00e9xico, tampoco en medicina general. En lo \u00fanico que son m\u00e1s organizados es en Salud P\u00fablica. Lo \u00fanico bueno de que vengan a M\u00e9xico es que ac\u00e1 les ense\u00f1aremos, lo malo es que lo que aprendan ac\u00e1 dif\u00edcilmente lo podr\u00e1n aplicar en la Isla con las carencias atroces que tienen. Que la medicina cubana es la mejor es solo un mito\u201d.<\/p>\n\n\n\n<p>Y mire, cuando nos toc\u00f3 estar en las exequias de Fidel Castro, por la televisi\u00f3n cubana ve\u00edamos c\u00f3mo echaban la culpa de la epidemia del dengue a un ataque bacteriol\u00f3gico del imperialismo.<\/p>\n\n\n\n<p>Que podr\u00e1n ayudar los cubanos: s\u00ed, por lo menos a cubrir las plazas que los mexicanos no quieren. Que puedan ser mejores m\u00e9dicos que los nuestros: tal vez, todo depende de la preparaci\u00f3n. Que son el ejemplo de medicina mundial: no, eso fue una de las tantas ideas rom\u00e1nticas que se abonaron al paso de los a\u00f1os con la revoluci\u00f3n de los sesenta con la efigie del Ch\u00e9 Guevara.<\/p>\n\n\n\n<p><strong>NOTA PARA PEGAR EN EL REFRI: <\/strong>Y hablando de inseguridad (precisamente en la regi\u00f3n donde no quieren ir los m\u00e9dicos por temor a la violencia) este lunes fueron ejecutadas las periodistas Yesenia Mollinedo y Johana Garc\u00eda Olivera\u2026 Los hechos ocurrieron en el Oxxo que se encuentra en la primera cuadra de la colonia Cerro Alto, ya en territorio de Cosoleacaque, cerca de las 3 de la tarde\u2026 En la escena del crimen hay una c\u00e1mara de vigilancia que puede esclarecer todo en las pr\u00f3ximas horas. Muy triste d\u00eda para el gremio period\u00edstico. Descansen en paz\u2026<\/p>\n\n\n\n<p><strong>OTRA NOTA:<\/strong> Justo unos minutos antes de la ejecuci\u00f3n de las periodistas, fue detenido un comando de al menos 4 personas armadas, que pretend\u00edan supuestamente asaltar una sucursal bancaria en Minatitl\u00e1n. Sobre esto tambi\u00e9n trascendi\u00f3 que eran pistoleros o escoltas de un empresario actualmente detenido en un penal federal.<\/p>\n\n\n\n<p><strong>LA \u00daLTIMA PORQUE SE ACABARON LAS GUINNESS:<\/strong> Este mismo lunes fue detenido en Xalapa por la Fiscal\u00eda General de la Rep\u00fablica (FGR) una persona identificada como Rafael Cruz Sosa, identificado como presunto defraudador del Banco Nacional de Obras y Servicios P\u00fablicos Sociedad Nacional de Cr\u00e9dito (Banobras) por su probable responsabilidad en el delito de fraude por m\u00e1s de mil doscientos millones de pesos\u2026 De acuerdo a informaci\u00f3n del portal Versiones: \u201cseg\u00fan la indagatoria, en el a\u00f1o 2012, el inculpado se asoci\u00f3 con la empresa Rotary Drillrigs Internacional S.A. de C.V. (RODISA) para proporcionar datos falsos a fin de obtener un cr\u00e9dito mediante dos contratos, a trav\u00e9s de los cuales Pemex Exploraci\u00f3n y Producci\u00f3n acord\u00f3 con Rotary Oilfiel Drilling Equipment International Inc., Procesos Manufacturing Corp y Rotary Drillrigs International S.A. de C.V, realizar perforaciones de pozos petroleros y producci\u00f3n, dando la l\u00ednea de cr\u00e9dito en el Banco Invex como Fiduciario. Con esta acci\u00f3n se caus\u00f3 un perjuicio patrimonial para Banobras\u201d\u2026 Rafael Cruz Sosa (de acuerdo a Versiones) \u201cllevaba siete a\u00f1os pr\u00f3fugo de la justicia y es el tercero que ha sido detenido en este asunto, ya que antes fueron capturados Jorge Daniel Salas Hern\u00e1ndez y Jos\u00e9 Antonio \u00c1lvarez del Castillo G\u00f3mez, due\u00f1o y asesor financiero de Rodisa, respectivamente. Salas fue sentenciado a 8 a\u00f1os de prisi\u00f3n y \u00c1lvarez del Castillo logr\u00f3 su libertad, aunque posteriormente se convirti\u00f3 de nueva cuenta en evadido de la justicia\u2026 Rodisa fue constituida el 6 de julio de 2011 ante la Notar\u00eda 42 de Alvarado, Veracruz, pero su domicilio se localiza en Houston, Texas. En menos de un a\u00f1o, el 17 de mayo de 2012, gan\u00f3 dos contratos en Pemex Exploraci\u00f3n y Producci\u00f3n por 203.5 millones de d\u00f3lares para proveer cinco equipos de perforaci\u00f3n terrestre de pozos y brindar asistencia t\u00e9cnica hasta 2017. La FGR sostiene que, para financiar estos contratos, la compa\u00f1\u00eda solicit\u00f3 y consigui\u00f3 un cr\u00e9dito de Banobras por 91.4 millones de d\u00f3lares, presentando como garant\u00eda dos inmuebles con aval\u00faos falsos, uno en Coatzacoalcos y otro en Cosoleacaque, Veracruz, con un valor inflado que s\u00f3lo alcanzaba los 247 millones de pesos. Dichos bienes son propiedad de Victoria Vel\u00e1zquez Jim\u00e9nez, quien fue la garante hipotecaria del cr\u00e9dito de Banobras y es esposa del citado Salas Hern\u00e1ndez.<\/p>\n","protected":false},"excerpt":{"rendered":"<p>ColumnaSinNombre@pablojair Ejecutan a dos periodistas en Cosoleacaque. Detectaron a gente armada horas antes en Mina. Detienen a pez gordo en Xalapa; llevaba 7 a\u00f1os pr\u00f3fugo. \u00bfY si en lugar de chelas, vienen por el agua?\u2014Chopenjawer Este lunes, en la conferencia \u201cma\u00f1anera\u201d, el presidente Andr\u00e9s Manuel L\u00f3pez Obrador coment\u00f3 sobre la contrataci\u00f3n de 500 m\u00e9dicos cubanos [&hellip;]<\/p>\n","protected":false},"author":1,"featured_media":488,"comment_status":"open","ping_status":"open","sticky":false,"template":"","format":"standard","meta":{"_jetpack_memberships_contains_paid_content":false,"footnotes":""},"categories":[11],"tags":[],"class_list":["post-27001","post","type-post","status-publish","format-standard","has-post-thumbnail","hentry","category-opinion"],"jetpack_featured_media_url":"https:\/\/encuentroinformativo.com.mx\/wp-content\/uploads\/2020\/03\/F471F608-BA1A-416B-BA7B-BCFB24F4E6D0.jpeg","jetpack_sharing_enabled":true,"jetpack_likes_enabled":true,"amp_enabled":true,"_links":{"self":[{"href":"https:\/\/encuentroinformativo.com.mx\/index.php?rest_route=\/wp\/v2\/posts\/27001","targetHints":{"allow":["GET"]}}],"collection":[{"href":"https:\/\/encuentroinformativo.com.mx\/index.php?rest_route=\/wp\/v2\/posts"}],"about":[{"href":"https:\/\/encuentroinformativo.com.mx\/index.php?rest_route=\/wp\/v2\/types\/post"}],"author":[{"embeddable":true,"href":"https:\/\/encuentroinformativo.com.mx\/index.php?rest_route=\/wp\/v2\/users\/1"}],"replies":[{"embeddable":true,"href":"https:\/\/encuentroinformativo.com.mx\/index.php?rest_route=%2Fwp%2Fv2%2Fcomments&post=27001"}],"version-history":[{"count":1,"href":"https:\/\/encuentroinformativo.com.mx\/index.php?rest_route=\/wp\/v2\/posts\/27001\/revisions"}],"predecessor-version":[{"id":27002,"href":"https:\/\/encuentroinformativo.com.mx\/index.php?rest_route=\/wp\/v2\/posts\/27001\/revisions\/27002"}],"wp:featuredmedia":[{"embeddable":true,"href":"https:\/\/encuentroinformativo.com.mx\/index.php?rest_route=\/wp\/v2\/media\/488"}],"wp:attachment":[{"href":"https:\/\/encuentroinformativo.com.mx\/index.php?rest_route=%2Fwp%2Fv2%2Fmedia&parent=27001"}],"wp:term":[{"taxonomy":"category","embeddable":true,"href":"https:\/\/encuentroinformativo.com.mx\/index.php?rest_route=%2Fwp%2Fv2%2Fcategories&post=27001"},{"taxonomy":"post_tag","embeddable":true,"href":"https:\/\/encuentroinformativo.com.mx\/index.php?rest_route=%2Fwp%2Fv2%2Ftags&post=27001"}],"curies":[{"name":"wp","href":"https:\/\/api.w.org\/{rel}","templated":true}]}}