{"id":27003,"date":"2022-05-10T11:36:14","date_gmt":"2022-05-10T16:36:14","guid":{"rendered":"https:\/\/encuentroinformativo.com.mx\/?p=27003"},"modified":"2022-05-10T11:36:22","modified_gmt":"2022-05-10T16:36:22","slug":"oposicion-sin-eco","status":"publish","type":"post","link":"https:\/\/encuentroinformativo.com.mx\/?p=27003","title":{"rendered":"Oposici\u00f3n, sin eco"},"content":{"rendered":"\n<p><strong>Los Pol\u00edticos<\/strong><\/p>\n\n\n\n<p><strong>Salvador Mu\u00f1oz<\/strong><\/p>\n\n\n\n<p>Cu\u00e1l es la principal caracter\u00edstica de un proAMLO a la hora de defender la causa, \u00bfcu\u00e1l causa? \u00a1la que dicte el Presidente!<\/p>\n\n\n\n<p>Podr\u00edamos hacer una larga lista de caracter\u00edsticas pero citar\u00e9 cuatro, por lo menos:<\/p>\n\n\n\n<p>a.- La m\u00e1s obvia: un c\u00famulo de faltas de ortograf\u00eda\u2026<\/p>\n\n\n\n<p>b.- Un titipuchal de insultos\u2026<\/p>\n\n\n\n<p>c.- Una ausencia total de argumentos\u2026<\/p>\n\n\n\n<p>d.- Y si acaso lo hay, se fundamenta en que el PRI y el PAN vendieron al pa\u00eds\u2026<\/p>\n\n\n\n<p>Conste\u2026 es una generalizaci\u00f3n del ProAMLO y hasta una forma muy vaga de concentrarlos en estos puntos, pero son los que al menos, he observado\u2026 es tambi\u00e9n de reconocer que hay morenos con tres dedos de frente, tan as\u00ed, que no entran en debates. Calladitos se ven m\u00e1s bonitos.<\/p>\n\n\n\n<p>Lo interesante es observar a los defienden el AMLO\u00edsmo (sin contar los bots) porque creen a pie juntillas, lo que dice el Presidente.<\/p>\n\n\n\n<p>No, no se trata de insultar a estos ProAMLOs en lo absoluto, sino tratar de entender el papel que hizo el candidato y el hoy presidente con esa parte de la sociedad que s\u00f3lo entend\u00eda la pol\u00edtica a la hora de ir a votar\u2026 hasta que a\u00f1o con a\u00f1o, elecci\u00f3n tras elecci\u00f3n, discurso tras discurso, aunado al papel de los medios, que tambi\u00e9n fueron factor para que L\u00f3pez Obrador lograra su prop\u00f3sito, \u00a1se hizo contacto!<\/p>\n\n\n\n<p>S\u00ed, L\u00f3pez Obrador hizo contacto con la gente con ese acento fingido, con esos aires de humildad para ser igual al Pueblo, pero sobre todo, decodificando en su nivel, el mensaje pol\u00edtico\u2026 a su conveniencia, claro\u2026<\/p>\n\n\n\n<p>Me canso, ganso\u2026 Abrazos, no balazos\u2026 la mafia del poder\u2026 la prensa fif\u00ed\u2026 primero los pobres\u2026 Me producen ternura, ternuritas\u2026 los machuchones\u2026 tengo otros datos\u2026<\/p>\n\n\n\n<p>Frases f\u00e1cil de digerir y que son colocadas con la precisi\u00f3n de francotirador, en el punto donde quiere el Presidente: en la opini\u00f3n p\u00fablica. La intenci\u00f3n es que la repitan desde el abuelo, el ni\u00f1o, el adolescente, el adulto; que llegue a la mesa, a la cama, a la oficina, en el caf\u00e9, \u00a1a todos lados!<\/p>\n\n\n\n<p>Para eso tiene La Ma\u00f1anera\u2026 un lugar donde se habla de todo, menos del Gobierno de Andr\u00e9s Manuel L\u00f3pez Obrador\u2026 \u00a1para qu\u00e9! mientras el Presidente equilibre sus valores con los valores del Pueblo bueno y sabio, gana\u2026 porque el Pueblo bueno y sabio no quiere a los Pol\u00edticos\u2026 pero\u2026 AMLO es pol\u00edtico\u2026 \u00a1pero no somos iguales!<\/p>\n\n\n\n<p>Afortunadamente para AMLO tiene a la Oposici\u00f3n, que lejos de ayudar a crecer a M\u00e9xico, a que haya desarrollo, a que haya prosperidad para todos, obstaculiza\u2026 s\u00ed, exacto, como con la Reforma El\u00e9ctrica\u2026 y quiz\u00e1s con la Reforma Electoral\u2026<\/p>\n\n\n\n<p>\u00a1Exacto! La Oposici\u00f3n en M\u00e9xico es el Problema\u2026 el Pueblo, la soluci\u00f3n\u2026 AMLO, la v\u00eda\u2026<\/p>\n\n\n\n<p>Quiz\u00e1s por eso, desde ahora, se manejan encuestas preguntando a los ciudadanos qu\u00e9 tan bueno consideran una Alianza de la Oposici\u00f3n (es decir: PAN, PRI, PRD y Movimiento Ciudadano)&#8230; la mayor\u00eda, al menos la de Reforma, la rechazan.<\/p>\n\n\n\n<p>Ojo, porque las respuestas en las redes a favor de esta gran alianza, hablan de que \u201csi queremos salvar al Pa\u00eds\u201d, se debe de dar \u00e9sta\u2026<\/p>\n\n\n\n<p>\u00bfSalvar a M\u00e9xico 2024? Algo parecido a \u201cRescatemos Veracruz\u201d en el 2016 cuando el PRI gobernaba la entidad\u2026<\/p>\n\n\n\n<p>El asunto en la Oposici\u00f3n es que no tiene un solo liderazgo como el que vive Morena y si bien, hay gente que no comulgue con AMLO, no encuentra en el PRI, PAN, PRD o MC a esa persona que haga eco a la frustraci\u00f3n pol\u00edtica que siente\u2026 a menos que lancen de candidato a Loret de Mola o a Brozo\u2026 un com\u00fan denominador de todo aquel Anti-L\u00f3pez\u2026<\/p>\n\n\n\n<p>Mientras, AMLO va ganando terreno y sea quien sea el candidato, ya lleva ventaja al 2024.<\/p>\n\n\n\n<p><a href=\"mailto:smcainito@gmail.com\" target=\"_blank\" rel=\"noreferrer noopener\">smcainito@gmail.com<\/a><\/p>\n","protected":false},"excerpt":{"rendered":"<p>Los Pol\u00edticos Salvador Mu\u00f1oz Cu\u00e1l es la principal caracter\u00edstica de un proAMLO a la hora de defender la causa, \u00bfcu\u00e1l causa? \u00a1la que dicte el Presidente! Podr\u00edamos hacer una larga lista de caracter\u00edsticas pero citar\u00e9 cuatro, por lo menos: a.- La m\u00e1s obvia: un c\u00famulo de faltas de ortograf\u00eda\u2026 b.- Un titipuchal de insultos\u2026 c.- [&hellip;]<\/p>\n","protected":false},"author":1,"featured_media":387,"comment_status":"open","ping_status":"open","sticky":false,"template":"","format":"standard","meta":{"_jetpack_memberships_contains_paid_content":false,"footnotes":""},"categories":[11],"tags":[],"class_list":["post-27003","post","type-post","status-publish","format-standard","has-post-thumbnail","hentry","category-opinion"],"jetpack_featured_media_url":"https:\/\/encuentroinformativo.com.mx\/wp-content\/uploads\/2020\/03\/7CF8A22B-2764-47BE-8F7F-38FE9E5D6A2F.jpeg","jetpack_sharing_enabled":true,"jetpack_likes_enabled":true,"amp_enabled":true,"_links":{"self":[{"href":"https:\/\/encuentroinformativo.com.mx\/index.php?rest_route=\/wp\/v2\/posts\/27003","targetHints":{"allow":["GET"]}}],"collection":[{"href":"https:\/\/encuentroinformativo.com.mx\/index.php?rest_route=\/wp\/v2\/posts"}],"about":[{"href":"https:\/\/encuentroinformativo.com.mx\/index.php?rest_route=\/wp\/v2\/types\/post"}],"author":[{"embeddable":true,"href":"https:\/\/encuentroinformativo.com.mx\/index.php?rest_route=\/wp\/v2\/users\/1"}],"replies":[{"embeddable":true,"href":"https:\/\/encuentroinformativo.com.mx\/index.php?rest_route=%2Fwp%2Fv2%2Fcomments&post=27003"}],"version-history":[{"count":1,"href":"https:\/\/encuentroinformativo.com.mx\/index.php?rest_route=\/wp\/v2\/posts\/27003\/revisions"}],"predecessor-version":[{"id":27004,"href":"https:\/\/encuentroinformativo.com.mx\/index.php?rest_route=\/wp\/v2\/posts\/27003\/revisions\/27004"}],"wp:featuredmedia":[{"embeddable":true,"href":"https:\/\/encuentroinformativo.com.mx\/index.php?rest_route=\/wp\/v2\/media\/387"}],"wp:attachment":[{"href":"https:\/\/encuentroinformativo.com.mx\/index.php?rest_route=%2Fwp%2Fv2%2Fmedia&parent=27003"}],"wp:term":[{"taxonomy":"category","embeddable":true,"href":"https:\/\/encuentroinformativo.com.mx\/index.php?rest_route=%2Fwp%2Fv2%2Fcategories&post=27003"},{"taxonomy":"post_tag","embeddable":true,"href":"https:\/\/encuentroinformativo.com.mx\/index.php?rest_route=%2Fwp%2Fv2%2Ftags&post=27003"}],"curies":[{"name":"wp","href":"https:\/\/api.w.org\/{rel}","templated":true}]}}