{"id":27008,"date":"2022-05-10T11:47:13","date_gmt":"2022-05-10T16:47:13","guid":{"rendered":"https:\/\/encuentroinformativo.com.mx\/?p=27008"},"modified":"2022-05-10T11:47:17","modified_gmt":"2022-05-10T16:47:17","slug":"realizan-madres-de-colectivos-marcha-en-xalapa","status":"publish","type":"post","link":"https:\/\/encuentroinformativo.com.mx\/?p=27008","title":{"rendered":"Realizan madres de Colectivos marcha en Xalapa"},"content":{"rendered":"\n<p><strong>Juan Arcos <\/strong><\/p>\n\n\n\n<p>Xalapa, Ver.- Un grupo de madres se concentr\u00f3 afuera del pante\u00f3n Palo Verde, en esta ciudad de Xalapa, para posteriormente marchar hacia Plaza Sebasti\u00e1n Lerdo de Tejada y alzar la voz en busca de sus hijos.<\/p>\n\n\n\n<p>Comentaron que este D\u00eda de las Madres no hay nada qu\u00e9 festejar y que solo representa una fecha de dolor y angustia al no saber el paradero de sus seres queridos.<\/p>\n\n\n\n<p>En la protesta tambi\u00e9n participaron hermanas, hijos y otros familiares de los desaparecidos. Las personas sonaron unos silbatos para llamar la atenci\u00f3n de la poblaci\u00f3n durante su protesta pac\u00edfica.<\/p>\n\n\n\n<p>\u201cEste d\u00eda no es de fiesta, es de lucha y de protesta\u201d y \u201cd\u00f3nde est\u00e1n, d\u00f3nde est\u00e1n nuestros hijos d\u00f3nde est\u00e1n\u201d, gritaron las mam\u00e1s.<\/p>\n\n\n\n<p>La se\u00f1ora Esperanza Hern\u00e1ndez Hern\u00e1ndez, de 57 a\u00f1os, busca a su hija X\u00f3chitl Celeste Casta\u00f1eda Hern\u00e1ndez, una joven de 25 a\u00f1os, quien desapareci\u00f3 el 5 de febrero de 2013 en la avenida Xalapa y dej\u00f3 tres hijas en la orfandad.<\/p>\n\n\n\n<p>La mujer llora por el sufrimiento que se apropia de su cuerpo cuando recuerda el cari\u00f1o que su hija le brindaba.<\/p>\n\n\n\n<p>\u201cCada 10 de mayo, mi hija era la primera en llegar, ten\u00eda la costumbre siempre de formar a las tres ni\u00f1as (a sus nietas) con un detalle, desde la m\u00e1s chiquita a la m\u00e1s grande\u201d, expresa.<\/p>\n\n\n\n<p>Con dolor tambi\u00e9n recuerda que su esposo Manuel Casta\u00f1eda Rodr\u00edguez falleci\u00f3 a causa de un infarto, dos a\u00f1os despu\u00e9s de la desaparici\u00f3n de X\u00f3chitl.<\/p>\n\n\n\n<p>\u201cSu pap\u00e1 falleci\u00f3 a los dos a\u00f1os de un infarto. No aguant\u00f3 la desaparici\u00f3n de nuestra hija. Pero a \u00e9l s\u00e9 a d\u00f3nde lo llev\u00e9, lo llev\u00e9 al pante\u00f3n y de mi hija no s\u00e9 nada\u201d, enfatiz\u00f3.<\/p>\n\n\n\n<figure class=\"wp-block-image size-large\"><img loading=\"lazy\" decoding=\"async\" width=\"1024\" height=\"768\" src=\"https:\/\/encuentroinformativo.com.mx\/wp-content\/uploads\/2022\/05\/85F40664-35EA-4B3E-86F6-EDEFF94F3A3D-1024x768.jpeg\" alt=\"\" class=\"wp-image-27010\" srcset=\"https:\/\/encuentroinformativo.com.mx\/wp-content\/uploads\/2022\/05\/85F40664-35EA-4B3E-86F6-EDEFF94F3A3D-1024x768.jpeg 1024w, https:\/\/encuentroinformativo.com.mx\/wp-content\/uploads\/2022\/05\/85F40664-35EA-4B3E-86F6-EDEFF94F3A3D-300x225.jpeg 300w, https:\/\/encuentroinformativo.com.mx\/wp-content\/uploads\/2022\/05\/85F40664-35EA-4B3E-86F6-EDEFF94F3A3D-768x576.jpeg 768w, https:\/\/encuentroinformativo.com.mx\/wp-content\/uploads\/2022\/05\/85F40664-35EA-4B3E-86F6-EDEFF94F3A3D.jpeg 1320w\" sizes=\"auto, (max-width: 1024px) 100vw, 1024px\" \/><\/figure>\n","protected":false},"excerpt":{"rendered":"<p>Juan Arcos Xalapa, Ver.- Un grupo de madres se concentr\u00f3 afuera del pante\u00f3n Palo Verde, en esta ciudad de Xalapa, para posteriormente marchar hacia Plaza Sebasti\u00e1n Lerdo de Tejada y alzar la voz en busca de sus hijos. Comentaron que este D\u00eda de las Madres no hay nada qu\u00e9 festejar y que solo representa una [&hellip;]<\/p>\n","protected":false},"author":1,"featured_media":27009,"comment_status":"open","ping_status":"open","sticky":false,"template":"","format":"standard","meta":{"_jetpack_memberships_contains_paid_content":false,"footnotes":""},"categories":[3],"tags":[],"class_list":["post-27008","post","type-post","status-publish","format-standard","has-post-thumbnail","hentry","category-xalapa"],"jetpack_featured_media_url":"https:\/\/encuentroinformativo.com.mx\/wp-content\/uploads\/2022\/05\/C6DDA6BE-2301-49B4-8881-2E3F34CFE72B.jpeg","jetpack_sharing_enabled":true,"jetpack_likes_enabled":true,"amp_enabled":true,"_links":{"self":[{"href":"https:\/\/encuentroinformativo.com.mx\/index.php?rest_route=\/wp\/v2\/posts\/27008","targetHints":{"allow":["GET"]}}],"collection":[{"href":"https:\/\/encuentroinformativo.com.mx\/index.php?rest_route=\/wp\/v2\/posts"}],"about":[{"href":"https:\/\/encuentroinformativo.com.mx\/index.php?rest_route=\/wp\/v2\/types\/post"}],"author":[{"embeddable":true,"href":"https:\/\/encuentroinformativo.com.mx\/index.php?rest_route=\/wp\/v2\/users\/1"}],"replies":[{"embeddable":true,"href":"https:\/\/encuentroinformativo.com.mx\/index.php?rest_route=%2Fwp%2Fv2%2Fcomments&post=27008"}],"version-history":[{"count":1,"href":"https:\/\/encuentroinformativo.com.mx\/index.php?rest_route=\/wp\/v2\/posts\/27008\/revisions"}],"predecessor-version":[{"id":27011,"href":"https:\/\/encuentroinformativo.com.mx\/index.php?rest_route=\/wp\/v2\/posts\/27008\/revisions\/27011"}],"wp:featuredmedia":[{"embeddable":true,"href":"https:\/\/encuentroinformativo.com.mx\/index.php?rest_route=\/wp\/v2\/media\/27009"}],"wp:attachment":[{"href":"https:\/\/encuentroinformativo.com.mx\/index.php?rest_route=%2Fwp%2Fv2%2Fmedia&parent=27008"}],"wp:term":[{"taxonomy":"category","embeddable":true,"href":"https:\/\/encuentroinformativo.com.mx\/index.php?rest_route=%2Fwp%2Fv2%2Fcategories&post=27008"},{"taxonomy":"post_tag","embeddable":true,"href":"https:\/\/encuentroinformativo.com.mx\/index.php?rest_route=%2Fwp%2Fv2%2Ftags&post=27008"}],"curies":[{"name":"wp","href":"https:\/\/api.w.org\/{rel}","templated":true}]}}