{"id":27015,"date":"2022-05-10T12:05:40","date_gmt":"2022-05-10T17:05:40","guid":{"rendered":"https:\/\/encuentroinformativo.com.mx\/?p=27015"},"modified":"2022-05-10T12:05:42","modified_gmt":"2022-05-10T17:05:42","slug":"en-alvarado-marchan-feministas-por-dia-de-las-madres","status":"publish","type":"post","link":"https:\/\/encuentroinformativo.com.mx\/?p=27015","title":{"rendered":"En Alvarado, marchan feministas por D\u00eda de las Madres"},"content":{"rendered":"\n<p><strong>Alejandro \u00c1vila<\/strong><\/p>\n\n\n\n<p>Alvarado, Ver.- En el marco del festejo por el D\u00eda de las Madres, el colectivo &#8220;Mujeres Feministas de Alvarado&#8221; march\u00f3 por las calles de la ciudad exigiendo justicia por las mujeres desaparecidas y asesinadas pertenecientes a su municipio.<\/p>\n\n\n\n<p>Acompa\u00f1ada de pa\u00f1uelos morados y pancartas donde se denunciaba la violencia de g\u00e9nero que se vive d\u00eda a d\u00eda en la Rep\u00fablica Mexicana; las manifestantes recordaron de Veracruz es uno de los sitios con los n\u00fameros m\u00e1s altos de feminicidios.<\/p>\n\n\n\n<p>\u201cEsta marcha es por todas y cada una de las que no tienen voz, por cada una de las que no han regresado a casa, esta marcha es por ti, por mi madre, por mi hermana, por mis amigas, por mis vecinas, por mi\u201d, gritaron durante su marcha.<\/p>\n\n\n\n<p>Destacaron que que M\u00e9xico es uno de los pa\u00edses con m\u00e1s altos indices de feminicidios y, sin embargo, la impunidad prevalece en la mayor\u00eda de los casos de mujeres asesinadas por razones de g\u00e9nero.<\/p>\n\n\n\n<p>A\u00f1adieron que, gracias al feminismo y a la lucha de muchas mujeres se ha roto el silencio en torno a este tipo de violencias.<\/p>\n\n\n\n<p>\u201cHoy las mujeres hemos logrado romper con el silencio que el mandato patriarcal impon\u00eda sobre la normalizaci\u00f3n de la violencia\u201d, indicaron.<\/p>\n","protected":false},"excerpt":{"rendered":"<p>Alejandro \u00c1vila Alvarado, Ver.- En el marco del festejo por el D\u00eda de las Madres, el colectivo &#8220;Mujeres Feministas de Alvarado&#8221; march\u00f3 por las calles de la ciudad exigiendo justicia por las mujeres desaparecidas y asesinadas pertenecientes a su municipio. Acompa\u00f1ada de pa\u00f1uelos morados y pancartas donde se denunciaba la violencia de g\u00e9nero que se [&hellip;]<\/p>\n","protected":false},"author":1,"featured_media":27016,"comment_status":"open","ping_status":"open","sticky":false,"template":"","format":"standard","meta":{"_jetpack_memberships_contains_paid_content":false,"footnotes":""},"categories":[2],"tags":[],"class_list":["post-27015","post","type-post","status-publish","format-standard","has-post-thumbnail","hentry","category-estado"],"jetpack_featured_media_url":"https:\/\/encuentroinformativo.com.mx\/wp-content\/uploads\/2022\/05\/0FEFD531-8CCF-43BE-A772-A14FCB781E60.jpeg","jetpack_sharing_enabled":true,"jetpack_likes_enabled":true,"amp_enabled":true,"_links":{"self":[{"href":"https:\/\/encuentroinformativo.com.mx\/index.php?rest_route=\/wp\/v2\/posts\/27015","targetHints":{"allow":["GET"]}}],"collection":[{"href":"https:\/\/encuentroinformativo.com.mx\/index.php?rest_route=\/wp\/v2\/posts"}],"about":[{"href":"https:\/\/encuentroinformativo.com.mx\/index.php?rest_route=\/wp\/v2\/types\/post"}],"author":[{"embeddable":true,"href":"https:\/\/encuentroinformativo.com.mx\/index.php?rest_route=\/wp\/v2\/users\/1"}],"replies":[{"embeddable":true,"href":"https:\/\/encuentroinformativo.com.mx\/index.php?rest_route=%2Fwp%2Fv2%2Fcomments&post=27015"}],"version-history":[{"count":1,"href":"https:\/\/encuentroinformativo.com.mx\/index.php?rest_route=\/wp\/v2\/posts\/27015\/revisions"}],"predecessor-version":[{"id":27017,"href":"https:\/\/encuentroinformativo.com.mx\/index.php?rest_route=\/wp\/v2\/posts\/27015\/revisions\/27017"}],"wp:featuredmedia":[{"embeddable":true,"href":"https:\/\/encuentroinformativo.com.mx\/index.php?rest_route=\/wp\/v2\/media\/27016"}],"wp:attachment":[{"href":"https:\/\/encuentroinformativo.com.mx\/index.php?rest_route=%2Fwp%2Fv2%2Fmedia&parent=27015"}],"wp:term":[{"taxonomy":"category","embeddable":true,"href":"https:\/\/encuentroinformativo.com.mx\/index.php?rest_route=%2Fwp%2Fv2%2Fcategories&post=27015"},{"taxonomy":"post_tag","embeddable":true,"href":"https:\/\/encuentroinformativo.com.mx\/index.php?rest_route=%2Fwp%2Fv2%2Ftags&post=27015"}],"curies":[{"name":"wp","href":"https:\/\/api.w.org\/{rel}","templated":true}]}}