{"id":27022,"date":"2022-05-10T12:23:47","date_gmt":"2022-05-10T17:23:47","guid":{"rendered":"https:\/\/encuentroinformativo.com.mx\/?p=27022"},"modified":"2022-05-10T12:24:03","modified_gmt":"2022-05-10T17:24:03","slug":"promueven-emprendedoras-expo-encanto","status":"publish","type":"post","link":"https:\/\/encuentroinformativo.com.mx\/?p=27022","title":{"rendered":"Promueven emprendedoras Expo Encanto"},"content":{"rendered":"\n<p><strong>Dar\u00edo Pale<\/strong><\/p>\n\n\n\n<p>Xalapa, Ver.- Gabriela Escobar Quevedo encargada del evento Emprendedores \u00c1ngela Boutique invit\u00f3 a la ciudadan\u00eda para que asista a la primera edici\u00f3n de Expo Encanto que se llevar\u00e1 a cabo este 14 y 15 de mayo en la explanada de la Plaza Andador Encanto.<\/p>\n\n\n\n<p>En conferencia de prensa se\u00f1al\u00f3 que en la Expo estar\u00e1n 35 expositores, todos son emprendedores locales, donde podr\u00e1n encontrar desde artesan\u00edas, bolsas, comida y habr\u00e1 pinta caritas las cuales ser\u00e1n gratuitas para los ni\u00f1os, al igual que contar\u00e1n con un inflables para que puedan asistir con la familia, ya que todo ser\u00e1 de forma gratuita.<\/p>\n\n\n\n<p>&#8220;El Bazar surge en apoyo a las emprendedoras ya que se abri\u00f3 un nuevo colectivo en esa plaza,por lo mismo como es una plaza nueva queremos impulsar las ventas de esas marcas que se encuentran dentro de esa plaza e independientemente se abri\u00f3 la invitaci\u00f3n a emprendedoras que se sumar\u00e1n que no son parte del colectivo&#8221;, se\u00f1al\u00f3.<\/p>\n\n\n\n<p>Lo anterior tambi\u00e9n se debe a que la econom\u00eda no est\u00e1 muy bien y lo que necesitan es que se consuma lo local, y las pueden contactar por medio de sus redes sociales o por medio del tel\u00e9fono 55 51 96 19 91.<\/p>\n\n\n\n<p>Dio a conocer que no se dedican a realizar bazares, pero tienen la idea de realizar una segunda edici\u00f3n, en muchas ocasiones no reciben el apoyo del municipio ya que lo realizan de forma independiente.<\/p>\n","protected":false},"excerpt":{"rendered":"<p>Dar\u00edo Pale Xalapa, Ver.- Gabriela Escobar Quevedo encargada del evento Emprendedores \u00c1ngela Boutique invit\u00f3 a la ciudadan\u00eda para que asista a la primera edici\u00f3n de Expo Encanto que se llevar\u00e1 a cabo este 14 y 15 de mayo en la explanada de la Plaza Andador Encanto. En conferencia de prensa se\u00f1al\u00f3 que en la Expo [&hellip;]<\/p>\n","protected":false},"author":1,"featured_media":27023,"comment_status":"open","ping_status":"open","sticky":false,"template":"","format":"standard","meta":{"_jetpack_memberships_contains_paid_content":false,"footnotes":""},"categories":[3],"tags":[],"class_list":["post-27022","post","type-post","status-publish","format-standard","has-post-thumbnail","hentry","category-xalapa"],"jetpack_featured_media_url":"https:\/\/encuentroinformativo.com.mx\/wp-content\/uploads\/2022\/05\/1240ACF2-B832-4117-9627-00C2FCBFCE8F.jpeg","jetpack_sharing_enabled":true,"jetpack_likes_enabled":true,"amp_enabled":true,"_links":{"self":[{"href":"https:\/\/encuentroinformativo.com.mx\/index.php?rest_route=\/wp\/v2\/posts\/27022","targetHints":{"allow":["GET"]}}],"collection":[{"href":"https:\/\/encuentroinformativo.com.mx\/index.php?rest_route=\/wp\/v2\/posts"}],"about":[{"href":"https:\/\/encuentroinformativo.com.mx\/index.php?rest_route=\/wp\/v2\/types\/post"}],"author":[{"embeddable":true,"href":"https:\/\/encuentroinformativo.com.mx\/index.php?rest_route=\/wp\/v2\/users\/1"}],"replies":[{"embeddable":true,"href":"https:\/\/encuentroinformativo.com.mx\/index.php?rest_route=%2Fwp%2Fv2%2Fcomments&post=27022"}],"version-history":[{"count":1,"href":"https:\/\/encuentroinformativo.com.mx\/index.php?rest_route=\/wp\/v2\/posts\/27022\/revisions"}],"predecessor-version":[{"id":27024,"href":"https:\/\/encuentroinformativo.com.mx\/index.php?rest_route=\/wp\/v2\/posts\/27022\/revisions\/27024"}],"wp:featuredmedia":[{"embeddable":true,"href":"https:\/\/encuentroinformativo.com.mx\/index.php?rest_route=\/wp\/v2\/media\/27023"}],"wp:attachment":[{"href":"https:\/\/encuentroinformativo.com.mx\/index.php?rest_route=%2Fwp%2Fv2%2Fmedia&parent=27022"}],"wp:term":[{"taxonomy":"category","embeddable":true,"href":"https:\/\/encuentroinformativo.com.mx\/index.php?rest_route=%2Fwp%2Fv2%2Fcategories&post=27022"},{"taxonomy":"post_tag","embeddable":true,"href":"https:\/\/encuentroinformativo.com.mx\/index.php?rest_route=%2Fwp%2Fv2%2Ftags&post=27022"}],"curies":[{"name":"wp","href":"https:\/\/api.w.org\/{rel}","templated":true}]}}