{"id":27025,"date":"2022-05-10T12:38:52","date_gmt":"2022-05-10T17:38:52","guid":{"rendered":"https:\/\/encuentroinformativo.com.mx\/?p=27025"},"modified":"2022-05-10T12:38:56","modified_gmt":"2022-05-10T17:38:56","slug":"el-equipo-de-la-alcaldesa-de-veracruz-es-inepto-acusa-colectivo-solecito","status":"publish","type":"post","link":"https:\/\/encuentroinformativo.com.mx\/?p=27025","title":{"rendered":"El equipo de la alcaldesa de Veracruz es inepto, acusa colectivo Solecito"},"content":{"rendered":"\n<p><strong>Alejandro \u00c1vila<\/strong><\/p>\n\n\n\n<p>Veracruz, Ver.- Previo a la marcha conmemorativa del 10 de mayo, el colectivo &#8220;Solecito Veracruz&#8221; habl\u00f3 sobre la reuni\u00f3n sostenida con alcaldesa Patricia Lobeira Rodr\u00edguez, y calificaron a su equipo de trabajo como inepto y tosco.<\/p>\n\n\n\n<p>Luc\u00eda D\u00edaz Genao, vocera del colectivo dijo que, la audiencia que solicitaron era \u00fanicamente para que les brindar\u00e1 el apoyo de venta en tiempo y forma, para los pr\u00f3ximos eventos masivos que se har\u00e1n en la ciudad.<\/p>\n\n\n\n<p>&#8220;La verdad es que, el equipo de alcaldesas es equipo inepto, tosco, insensible de manera innecesaria, nosotros fuimos a pedir audiencia y no por mucho tiempo, quer\u00edamos 10 minutos, ellos se empe\u00f1aron en hacer un muro de contenci\u00f3n c\u00f3mo si nosotros fu\u00e9ramos delincuentes, y entonces se hizo m\u00e1s de lo que era, nosotros quer\u00edamos las cosas tradicionales de Carnaval, la venta de Carnaval, de las (Festival de) Velas, queremos estar ahora en lo de las Velas, tambi\u00e9n de semana santa que se pudieran hacer, no le estamos pidiendo nada del otro mundo&#8221;, subray\u00f3.<\/p>\n\n\n\n<p>Luc\u00eda D\u00edaz dijo que, durante la Semana Santa les entregaron el permiso de comercio muy tarde, por lo que la comida se les ech\u00f3 a perder.<\/p>\n\n\n\n<p>&#8220;Realmente eran cosas sencillas, no pretendemos que un Ayuntamiento resuelva los casos, de hecho hubo un empleado de ella de apellido Beristain, qu\u00e9 nos mand\u00f3 una carta amenazante por medio de una compa\u00f1era, nos acus\u00f3 y meti\u00f3 la pol\u00edtica, qu\u00e9 porque no le reclamabamos&nbsp; a Ver\u00f3nica Giadans. Esa se\u00f1ora es Fiscal, nosotros estamos aqu\u00ed en Veracruz tratando asuntos de \u00edndole de ventas, de permisos, de oficios, no hab\u00eda necesidad de traerlo a colaci\u00f3n eso&#8221;, acus\u00f3.<\/p>\n\n\n\n<p>Finalmente Luc\u00eda D\u00edaz Genao dijo que, tras platicar con la alcaldesa se lleg\u00f3 a un arreglo y \u00e9sta les asegur\u00f3 que, los apoyar\u00eda en todo lo que necesitar\u00e1n, tal como lo hizo su antecesor, Fernando Yunes M\u00e1rquez.<\/p>\n","protected":false},"excerpt":{"rendered":"<p>Alejandro \u00c1vila Veracruz, Ver.- Previo a la marcha conmemorativa del 10 de mayo, el colectivo &#8220;Solecito Veracruz&#8221; habl\u00f3 sobre la reuni\u00f3n sostenida con alcaldesa Patricia Lobeira Rodr\u00edguez, y calificaron a su equipo de trabajo como inepto y tosco. Luc\u00eda D\u00edaz Genao, vocera del colectivo dijo que, la audiencia que solicitaron era \u00fanicamente para que les [&hellip;]<\/p>\n","protected":false},"author":1,"featured_media":27026,"comment_status":"open","ping_status":"open","sticky":false,"template":"","format":"standard","meta":{"_jetpack_memberships_contains_paid_content":false,"footnotes":""},"categories":[2],"tags":[],"class_list":["post-27025","post","type-post","status-publish","format-standard","has-post-thumbnail","hentry","category-estado"],"jetpack_featured_media_url":"https:\/\/encuentroinformativo.com.mx\/wp-content\/uploads\/2022\/05\/ECA4EC38-561A-4371-B613-625E8340674F.jpeg","jetpack_sharing_enabled":true,"jetpack_likes_enabled":true,"amp_enabled":true,"_links":{"self":[{"href":"https:\/\/encuentroinformativo.com.mx\/index.php?rest_route=\/wp\/v2\/posts\/27025","targetHints":{"allow":["GET"]}}],"collection":[{"href":"https:\/\/encuentroinformativo.com.mx\/index.php?rest_route=\/wp\/v2\/posts"}],"about":[{"href":"https:\/\/encuentroinformativo.com.mx\/index.php?rest_route=\/wp\/v2\/types\/post"}],"author":[{"embeddable":true,"href":"https:\/\/encuentroinformativo.com.mx\/index.php?rest_route=\/wp\/v2\/users\/1"}],"replies":[{"embeddable":true,"href":"https:\/\/encuentroinformativo.com.mx\/index.php?rest_route=%2Fwp%2Fv2%2Fcomments&post=27025"}],"version-history":[{"count":1,"href":"https:\/\/encuentroinformativo.com.mx\/index.php?rest_route=\/wp\/v2\/posts\/27025\/revisions"}],"predecessor-version":[{"id":27027,"href":"https:\/\/encuentroinformativo.com.mx\/index.php?rest_route=\/wp\/v2\/posts\/27025\/revisions\/27027"}],"wp:featuredmedia":[{"embeddable":true,"href":"https:\/\/encuentroinformativo.com.mx\/index.php?rest_route=\/wp\/v2\/media\/27026"}],"wp:attachment":[{"href":"https:\/\/encuentroinformativo.com.mx\/index.php?rest_route=%2Fwp%2Fv2%2Fmedia&parent=27025"}],"wp:term":[{"taxonomy":"category","embeddable":true,"href":"https:\/\/encuentroinformativo.com.mx\/index.php?rest_route=%2Fwp%2Fv2%2Fcategories&post=27025"},{"taxonomy":"post_tag","embeddable":true,"href":"https:\/\/encuentroinformativo.com.mx\/index.php?rest_route=%2Fwp%2Fv2%2Ftags&post=27025"}],"curies":[{"name":"wp","href":"https:\/\/api.w.org\/{rel}","templated":true}]}}