{"id":27028,"date":"2022-05-10T15:38:31","date_gmt":"2022-05-10T20:38:31","guid":{"rendered":"https:\/\/encuentroinformativo.com.mx\/?p=27028"},"modified":"2022-05-10T15:38:44","modified_gmt":"2022-05-10T20:38:44","slug":"proxima-semana-exhumaran-cuerpos-de-palo-verde","status":"publish","type":"post","link":"https:\/\/encuentroinformativo.com.mx\/?p=27028","title":{"rendered":"Pr\u00f3xima semana exhumar\u00e1n cuerpos de Palo Verde"},"content":{"rendered":"\n<p><strong>Juan Arcos<\/strong><\/p>\n\n\n\n<p>Xalapa, Ver.- La siguiente semana podr\u00edan iniciar los trabajos de exhumaci\u00f3n de cuerpos en la fosa com\u00fan del pante\u00f3n Palo Verde, ubicado entre las avenidas 20 de Noviembre y L\u00e1zaro C\u00e1rdenas, en esta ciudad de Xalapa.<\/p>\n\n\n\n<p>As\u00ed lo dio a conocer Mar\u00eda Elena Guti\u00e9rrez Dom\u00ednguez, quien busca a su sobrino Rafael Espinosa Guti\u00e9rrez, desaparecido desde el 15 de agosto de 2013, en esta capital del estado.\u00a0<br>La integrante del Colectivo Buscando a Nuestros Desaparecidos y Desaparecidas Veracruz record\u00f3 que el pasado 3 de mayo se exigi\u00f3 p\u00fablicamente la exhumaci\u00f3n e identificaci\u00f3n de varios cuerpos encontrados en la fosa com\u00fan.<\/p>\n\n\n\n<p>En esa ocasi\u00f3n, se llevaron a cabo los trabajos para la exhumaci\u00f3n e identificaci\u00f3n de los restos que podr\u00edan corresponder a una persona reportada como extraviada.<\/p>\n\n\n\n<p>Sin embargo, el personal de la Fiscal\u00eda General del Estado (FGE) localiz\u00f3 cuatro cuerpos m\u00e1s en la misma fosa com\u00fan, los cuales se encontraban en costales de az\u00facar y bolsas para basura, sin ninguna identificaci\u00f3n.<\/p>\n\n\n\n<p>Los peritos se negaron a trasladar los otros cuatro cuerpos para su identificaci\u00f3n; solo los cambiaron de bolsa y los inhumaron nuevamente en el mismo sitio.<\/p>\n\n\n\n<p>\u201cYa autorizaron el exhumar los cuatro cuerpos que dejaron, yo creo que eso fue gracias a ustedes, si no fuera por la prensa nuestra no ser\u00eda escuchada. No nos han dado fecha, pero yo creo que la semana que entra\u201d, expres\u00f3 Mar\u00eda Elena.<\/p>\n\n\n\n<p>La entrevistada se\u00f1al\u00f3 que los familiares de desaparecidos carecen de acceso al estudio de identificaci\u00f3n humana por parte de los peritos.<\/p>\n\n\n\n<p>\u201cEn La Guapota (municipio de \u00darsulo Galv\u00e1n) s\u00ed nos dan un reporte de toda la identificaci\u00f3n humana de los cuerpos recuperados, pero es en el \u00fanico lugar donde hay eso\u201d, a\u00f1adi\u00f3.<\/p>\n\n\n\n<p>Guti\u00e9rrez Dom\u00ednguez refiri\u00f3 que el fiscal regional en Xalapa, de quien desconoce el nombre, ha violentado la Ley General de Desaparici\u00f3n Forzada al negar acceso a los familiares de desaparecidos en los trabajos de exhumaci\u00f3n realizados en el pante\u00f3n Palo Verde.<\/p>\n\n\n\n<p>\u201cLas familias tenemos derecho por ley a participar en cualquier acto de exhumaci\u00f3n\u201d, remat\u00f3.<\/p>\n","protected":false},"excerpt":{"rendered":"<p>Juan Arcos Xalapa, Ver.- La siguiente semana podr\u00edan iniciar los trabajos de exhumaci\u00f3n de cuerpos en la fosa com\u00fan del pante\u00f3n Palo Verde, ubicado entre las avenidas 20 de Noviembre y L\u00e1zaro C\u00e1rdenas, en esta ciudad de Xalapa. As\u00ed lo dio a conocer Mar\u00eda Elena Guti\u00e9rrez Dom\u00ednguez, quien busca a su sobrino Rafael Espinosa Guti\u00e9rrez, [&hellip;]<\/p>\n","protected":false},"author":1,"featured_media":27029,"comment_status":"open","ping_status":"open","sticky":false,"template":"","format":"standard","meta":{"_jetpack_memberships_contains_paid_content":false,"footnotes":""},"categories":[3],"tags":[],"class_list":["post-27028","post","type-post","status-publish","format-standard","has-post-thumbnail","hentry","category-xalapa"],"jetpack_featured_media_url":"https:\/\/encuentroinformativo.com.mx\/wp-content\/uploads\/2022\/05\/29178B40-3797-405F-B9F0-33F822C1A1D8.jpeg","jetpack_sharing_enabled":true,"jetpack_likes_enabled":true,"amp_enabled":true,"_links":{"self":[{"href":"https:\/\/encuentroinformativo.com.mx\/index.php?rest_route=\/wp\/v2\/posts\/27028","targetHints":{"allow":["GET"]}}],"collection":[{"href":"https:\/\/encuentroinformativo.com.mx\/index.php?rest_route=\/wp\/v2\/posts"}],"about":[{"href":"https:\/\/encuentroinformativo.com.mx\/index.php?rest_route=\/wp\/v2\/types\/post"}],"author":[{"embeddable":true,"href":"https:\/\/encuentroinformativo.com.mx\/index.php?rest_route=\/wp\/v2\/users\/1"}],"replies":[{"embeddable":true,"href":"https:\/\/encuentroinformativo.com.mx\/index.php?rest_route=%2Fwp%2Fv2%2Fcomments&post=27028"}],"version-history":[{"count":1,"href":"https:\/\/encuentroinformativo.com.mx\/index.php?rest_route=\/wp\/v2\/posts\/27028\/revisions"}],"predecessor-version":[{"id":27030,"href":"https:\/\/encuentroinformativo.com.mx\/index.php?rest_route=\/wp\/v2\/posts\/27028\/revisions\/27030"}],"wp:featuredmedia":[{"embeddable":true,"href":"https:\/\/encuentroinformativo.com.mx\/index.php?rest_route=\/wp\/v2\/media\/27029"}],"wp:attachment":[{"href":"https:\/\/encuentroinformativo.com.mx\/index.php?rest_route=%2Fwp%2Fv2%2Fmedia&parent=27028"}],"wp:term":[{"taxonomy":"category","embeddable":true,"href":"https:\/\/encuentroinformativo.com.mx\/index.php?rest_route=%2Fwp%2Fv2%2Fcategories&post=27028"},{"taxonomy":"post_tag","embeddable":true,"href":"https:\/\/encuentroinformativo.com.mx\/index.php?rest_route=%2Fwp%2Fv2%2Ftags&post=27028"}],"curies":[{"name":"wp","href":"https:\/\/api.w.org\/{rel}","templated":true}]}}