{"id":27034,"date":"2022-05-10T15:51:27","date_gmt":"2022-05-10T20:51:27","guid":{"rendered":"https:\/\/encuentroinformativo.com.mx\/?p=27034"},"modified":"2022-05-10T15:51:30","modified_gmt":"2022-05-10T20:51:30","slug":"familiares-reclaman-justicia-para-reporteras-de-la-zona-sur","status":"publish","type":"post","link":"https:\/\/encuentroinformativo.com.mx\/?p=27034","title":{"rendered":"Familiares reclaman justicia para reporteras de la zona sur"},"content":{"rendered":"\n<p><strong>Juan Arcos <\/strong><\/p>\n\n\n\n<p>Xalapa, Ver.- Familiares y amigos velan los cuerpos de las periodistas Yessenia Mollinedo Falconi y Sheila Johana Garc\u00eda Olivera, asesinadas la tarde del lunes 9 de mayo en el municipio de Cosoleacaque, al sur de Veracruz.<\/p>\n\n\n\n<p>Esto ocurre en el municipio de Minatitl\u00e1n, una zona conurbada, donde el escenario es de impotencia y exigencia de justicia por parte de los familiares.<\/p>\n\n\n\n<p>Las comunicadoras fueron asesinadas a balazos al interior de un veh\u00edculo particular, en la colonia Cerro Alto de Cosoleacaque, afuera de una tienda de autoservicio.<\/p>\n\n\n\n<p>En la calle L\u00f3pez Ray\u00f3n de la colonia Insurgentes Norte, Yesenia, due\u00f1a de la agencia informativa \u201cEl Veraz\u201d, es despedida por sus seres queridos y su hija.<\/p>\n\n\n\n<p>Mientras que en la Colonia Gravera,\u00a0es velada Sheila Johana, en el domicilio de sus padres, donde se concentran decenas de personas, entre ellos sus tres hijos, de seis, 11 y 15 a\u00f1os, que dej\u00f3 en la orfandad.<\/p>\n\n\n\n<p>Se prev\u00e9 que a m\u00e1s tardar ma\u00f1ana mi\u00e9rcoles, los familiares den el \u00faltimo adi\u00f3s a las reporteras en el cementerio municipal.<br>Ramiro, hermano de Yessenia, se\u00f1al\u00f3 que la directora del peri\u00f3dico digital fue amenazada de muerte desde hace unas semanas para que abandonara la cobertura de informaci\u00f3n policiaca.<\/p>\n\n\n\n<p>Tambi\u00e9n exigi\u00f3 a las autoridades estatales y federales que se investigue a fondo el caso y sobre todo que no se criminalice a las v\u00edctimas.<\/p>\n\n\n\n<p>Hasta el momento, la Fiscal\u00eda General del Estado (FGE), a cargo de Ver\u00f3nica Hern\u00e1ndez Giad\u00e1ns, no ha informado sobre la detenci\u00f3n de los presuntos responsables de este doble crimen.<\/p>\n\n\n\n<p>Un grupo de periodistas de la zona sur del estado se manifest\u00f3 afuera de las instalaciones del Centro Estatal de Control, Comando, Comunicaciones y C\u00f3mputo (C4), municipio de Minatitl\u00e1n, para exigir justicia por el asesinato de sus compa\u00f1eras.<\/p>\n","protected":false},"excerpt":{"rendered":"<p>Juan Arcos Xalapa, Ver.- Familiares y amigos velan los cuerpos de las periodistas Yessenia Mollinedo Falconi y Sheila Johana Garc\u00eda Olivera, asesinadas la tarde del lunes 9 de mayo en el municipio de Cosoleacaque, al sur de Veracruz. Esto ocurre en el municipio de Minatitl\u00e1n, una zona conurbada, donde el escenario es de impotencia y [&hellip;]<\/p>\n","protected":false},"author":1,"featured_media":27035,"comment_status":"open","ping_status":"open","sticky":false,"template":"","format":"standard","meta":{"_jetpack_memberships_contains_paid_content":false,"footnotes":""},"categories":[2],"tags":[],"class_list":["post-27034","post","type-post","status-publish","format-standard","has-post-thumbnail","hentry","category-estado"],"jetpack_featured_media_url":"https:\/\/encuentroinformativo.com.mx\/wp-content\/uploads\/2022\/05\/6BC8761B-0203-49F9-B209-F1700BDA24C9.jpeg","jetpack_sharing_enabled":true,"jetpack_likes_enabled":true,"amp_enabled":true,"_links":{"self":[{"href":"https:\/\/encuentroinformativo.com.mx\/index.php?rest_route=\/wp\/v2\/posts\/27034","targetHints":{"allow":["GET"]}}],"collection":[{"href":"https:\/\/encuentroinformativo.com.mx\/index.php?rest_route=\/wp\/v2\/posts"}],"about":[{"href":"https:\/\/encuentroinformativo.com.mx\/index.php?rest_route=\/wp\/v2\/types\/post"}],"author":[{"embeddable":true,"href":"https:\/\/encuentroinformativo.com.mx\/index.php?rest_route=\/wp\/v2\/users\/1"}],"replies":[{"embeddable":true,"href":"https:\/\/encuentroinformativo.com.mx\/index.php?rest_route=%2Fwp%2Fv2%2Fcomments&post=27034"}],"version-history":[{"count":1,"href":"https:\/\/encuentroinformativo.com.mx\/index.php?rest_route=\/wp\/v2\/posts\/27034\/revisions"}],"predecessor-version":[{"id":27036,"href":"https:\/\/encuentroinformativo.com.mx\/index.php?rest_route=\/wp\/v2\/posts\/27034\/revisions\/27036"}],"wp:featuredmedia":[{"embeddable":true,"href":"https:\/\/encuentroinformativo.com.mx\/index.php?rest_route=\/wp\/v2\/media\/27035"}],"wp:attachment":[{"href":"https:\/\/encuentroinformativo.com.mx\/index.php?rest_route=%2Fwp%2Fv2%2Fmedia&parent=27034"}],"wp:term":[{"taxonomy":"category","embeddable":true,"href":"https:\/\/encuentroinformativo.com.mx\/index.php?rest_route=%2Fwp%2Fv2%2Fcategories&post=27034"},{"taxonomy":"post_tag","embeddable":true,"href":"https:\/\/encuentroinformativo.com.mx\/index.php?rest_route=%2Fwp%2Fv2%2Ftags&post=27034"}],"curies":[{"name":"wp","href":"https:\/\/api.w.org\/{rel}","templated":true}]}}