{"id":27046,"date":"2022-05-11T09:44:06","date_gmt":"2022-05-11T14:44:06","guid":{"rendered":"https:\/\/encuentroinformativo.com.mx\/?p=27046"},"modified":"2022-05-11T09:44:13","modified_gmt":"2022-05-11T14:44:13","slug":"manifestacion-de-empleados-en-delegacion-sev-veracruz","status":"publish","type":"post","link":"https:\/\/encuentroinformativo.com.mx\/?p=27046","title":{"rendered":"Manifestaci\u00f3n de empleados en delegaci\u00f3n SEV Veracruz"},"content":{"rendered":"\n<p><strong>Alejandro \u00c1vila<\/strong><\/p>\n\n\n\n<p>Boca del R\u00edo, Ver.- Empleados administrativos de la delegaci\u00f3n de la Secretar\u00eda de Educaci\u00f3n de Veracruz (SEV), se manifestaron la ma\u00f1ana de este mi\u00e9rcoles pues exigen regresar al inmueble sede en la calle Negrete del municipio de Veracruz.<\/p>\n\n\n\n<p>Los quejosos se\u00f1alan qu\u00e9, el actual edificio ubicado en la calle Camino Real en el municipio de Boca del R\u00edo, no cuenta con las condiciones aptas para desempe\u00f1ar sus labores.<\/p>\n\n\n\n<p>El personal administrativo fue cambiado a un edificio rentado en el municipio de Boca del R\u00edo, debido a que su sede original en la calle de Negrete (Veracruz), ser\u00eda remodelada; la delegada, Diana Santiago Huesca, prometi\u00f3 que en un lapso no mayor a un a\u00f1o estar\u00edan de regreso.<\/p>\n\n\n\n<p>&#8220;Hace casi tres a\u00f1os no sacaron de Negrete y nos dijeron que m\u00e1ximo en un a\u00f1o, la delegada se comprometi\u00f3 de palabra y con oficio, qu\u00e9 m\u00e1ximo en un a\u00f1o regresabamos, ya pasamos la pandemia, ya son casi 3 a\u00f1os y seguimos aqu\u00ed, en un edificio inseguro, con calor, ni siquiera nos dan agua purificada, todos los gastos corren por cuenta de los empleados, qu\u00e9 la mayor\u00eda son administrativos, no docentes, qu\u00e9 no perciben un sueldo de m\u00e1s de 4 500 pesos a la quincena. Entonces es imposible que nosotros tengamos que pagar agua, que conectar los climas, que est\u00e9n compa\u00f1eras con los vidrios apunto de caerse, arriesgando su salud, no hay protocolos de seguridad, estamos amontonados, no hay mobiliario&#8221;, se\u00f1al\u00f3 Daniela Torres S\u00e1nchez.<\/p>\n\n\n\n<p>Los quejosos aseguraron qu\u00e9, continuar\u00e1n con el paro hasta que las autoridades pertinentes les den una soluci\u00f3n a su problem\u00e1tica, y aclararon que, en la sede de la SEV Veracruz se atiende a 25 municipios, los cuales no se ver\u00e1n afectados en temas administrativos por su manifestaci\u00f3n.<\/p>\n\n\n\n<figure class=\"wp-block-image size-large\"><img loading=\"lazy\" decoding=\"async\" width=\"1024\" height=\"576\" src=\"https:\/\/encuentroinformativo.com.mx\/wp-content\/uploads\/2022\/05\/92DC04DF-A251-4DF0-B01C-8450E82850CE-1024x576.jpeg\" alt=\"\" class=\"wp-image-27048\" srcset=\"https:\/\/encuentroinformativo.com.mx\/wp-content\/uploads\/2022\/05\/92DC04DF-A251-4DF0-B01C-8450E82850CE-1024x576.jpeg 1024w, https:\/\/encuentroinformativo.com.mx\/wp-content\/uploads\/2022\/05\/92DC04DF-A251-4DF0-B01C-8450E82850CE-300x169.jpeg 300w, https:\/\/encuentroinformativo.com.mx\/wp-content\/uploads\/2022\/05\/92DC04DF-A251-4DF0-B01C-8450E82850CE-768x432.jpeg 768w, https:\/\/encuentroinformativo.com.mx\/wp-content\/uploads\/2022\/05\/92DC04DF-A251-4DF0-B01C-8450E82850CE-1536x864.jpeg 1536w, https:\/\/encuentroinformativo.com.mx\/wp-content\/uploads\/2022\/05\/92DC04DF-A251-4DF0-B01C-8450E82850CE.jpeg 1599w\" sizes=\"auto, (max-width: 1024px) 100vw, 1024px\" \/><\/figure>\n","protected":false},"excerpt":{"rendered":"<p>Alejandro \u00c1vila Boca del R\u00edo, Ver.- Empleados administrativos de la delegaci\u00f3n de la Secretar\u00eda de Educaci\u00f3n de Veracruz (SEV), se manifestaron la ma\u00f1ana de este mi\u00e9rcoles pues exigen regresar al inmueble sede en la calle Negrete del municipio de Veracruz. Los quejosos se\u00f1alan qu\u00e9, el actual edificio ubicado en la calle Camino Real en el [&hellip;]<\/p>\n","protected":false},"author":1,"featured_media":27047,"comment_status":"open","ping_status":"open","sticky":false,"template":"","format":"standard","meta":{"_jetpack_memberships_contains_paid_content":false,"footnotes":""},"categories":[2],"tags":[],"class_list":["post-27046","post","type-post","status-publish","format-standard","has-post-thumbnail","hentry","category-estado"],"jetpack_featured_media_url":"https:\/\/encuentroinformativo.com.mx\/wp-content\/uploads\/2022\/05\/E8E6F5B1-54DC-42A9-9AC9-048934E9EC9F.jpeg","jetpack_sharing_enabled":true,"jetpack_likes_enabled":true,"amp_enabled":true,"_links":{"self":[{"href":"https:\/\/encuentroinformativo.com.mx\/index.php?rest_route=\/wp\/v2\/posts\/27046","targetHints":{"allow":["GET"]}}],"collection":[{"href":"https:\/\/encuentroinformativo.com.mx\/index.php?rest_route=\/wp\/v2\/posts"}],"about":[{"href":"https:\/\/encuentroinformativo.com.mx\/index.php?rest_route=\/wp\/v2\/types\/post"}],"author":[{"embeddable":true,"href":"https:\/\/encuentroinformativo.com.mx\/index.php?rest_route=\/wp\/v2\/users\/1"}],"replies":[{"embeddable":true,"href":"https:\/\/encuentroinformativo.com.mx\/index.php?rest_route=%2Fwp%2Fv2%2Fcomments&post=27046"}],"version-history":[{"count":1,"href":"https:\/\/encuentroinformativo.com.mx\/index.php?rest_route=\/wp\/v2\/posts\/27046\/revisions"}],"predecessor-version":[{"id":27049,"href":"https:\/\/encuentroinformativo.com.mx\/index.php?rest_route=\/wp\/v2\/posts\/27046\/revisions\/27049"}],"wp:featuredmedia":[{"embeddable":true,"href":"https:\/\/encuentroinformativo.com.mx\/index.php?rest_route=\/wp\/v2\/media\/27047"}],"wp:attachment":[{"href":"https:\/\/encuentroinformativo.com.mx\/index.php?rest_route=%2Fwp%2Fv2%2Fmedia&parent=27046"}],"wp:term":[{"taxonomy":"category","embeddable":true,"href":"https:\/\/encuentroinformativo.com.mx\/index.php?rest_route=%2Fwp%2Fv2%2Fcategories&post=27046"},{"taxonomy":"post_tag","embeddable":true,"href":"https:\/\/encuentroinformativo.com.mx\/index.php?rest_route=%2Fwp%2Fv2%2Ftags&post=27046"}],"curies":[{"name":"wp","href":"https:\/\/api.w.org\/{rel}","templated":true}]}}