{"id":27061,"date":"2022-05-11T11:37:41","date_gmt":"2022-05-11T16:37:41","guid":{"rendered":"https:\/\/encuentroinformativo.com.mx\/?p=27061"},"modified":"2022-05-11T11:37:44","modified_gmt":"2022-05-11T16:37:44","slug":"clausura-pma-el-acuario-de-veracruz","status":"publish","type":"post","link":"https:\/\/encuentroinformativo.com.mx\/?p=27061","title":{"rendered":"Clausura PMA el \u201cAcuario de Veracruz\u201d"},"content":{"rendered":"\n<p><strong>Alejandro \u00c1vila<\/strong><\/p>\n\n\n\n<p>Veracruz, Ver.- Por presuntas irregularidades detectadas desde el 2021, y al no ser solventadas como marca la ley, la Procuradur\u00eda de Medio Ambiente (PMA) clausur\u00f3 este mi\u00e9rcoles el Acuario de Veracruz.<\/p>\n\n\n\n<p>Sergio Rodr\u00edguez Cort\u00e9s, titular de la dependencia se\u00f1al\u00f3 que, el personal administrativo del Acuario de Veracruz, nunca dio una informaci\u00f3n a la dependencia Estatal sobre s\u00ed cumpl\u00edan las normas de operatividad que requiere el recinto.<\/p>\n\n\n\n<p>&#8220;Lamento mucho que el objeto de la orden de inspecci\u00f3n no haya sido contestada por parte del Acuario de Veracruz, es decir, si ellos nos hubieran garantizado la tranquilidad de la informaci\u00f3n que necesitamos, no hubiera sido necesario la clausura total, temporal. Pero al no tener la certeza del bienestar animal, de la buena operatividad del Acuario, y fundamentalmente en materia de competencia de la Procuradur\u00eda del Estado tenemos que tomar est\u00e1 medida&#8221;, apunt\u00f3.<\/p>\n\n\n\n<p>Rodr\u00edguez Cort\u00e9s, asegur\u00f3 que no es un tema de multas, sino de operatividad, y espera que a la brevedad puedan tener su documentaci\u00f3n al corriente para poder volver a abrir el Acuario de Veracruz.<\/p>\n\n\n\n<p>&#8220;Es una medida provisional, yo espero que, en la medida que vaya fluyendo la informaci\u00f3n y teniendo la tranquilidad de lo que est\u00e1 pasando, pudi\u00e9ramos abrir el Acuario de Veracruz, yo espero que no sean muchos d\u00edas, no es una cuesti\u00f3n de multas, eso es muy importante decirlo, es una cuesti\u00f3n de la operatividad del Acuario, creemos desde el Gobierno del Estado que ha vivido en la anarqu\u00eda en los \u00faltimos a\u00f1os, es decir, no le rinde cuentas a nadie, no sabemos que est\u00e1 sucediendo, y comunidad protectora del medio ambiente en Veracruz y siendo un organismo p\u00fablico descentralizado, con patrimonio y personalidad jur\u00eddica propia, estamos instalando este procedimiento administrativo, en d\u00f3nde ya los jueces nos dieron la raz\u00f3n&#8221;, culmin\u00f3.<\/p>\n\n\n\n<figure class=\"wp-block-image size-large\"><img loading=\"lazy\" decoding=\"async\" width=\"1024\" height=\"769\" src=\"https:\/\/encuentroinformativo.com.mx\/wp-content\/uploads\/2022\/05\/4E9ED3ED-5CF2-41FF-AA25-C7472B97CC51-1024x769.jpeg\" alt=\"\" class=\"wp-image-27063\" srcset=\"https:\/\/encuentroinformativo.com.mx\/wp-content\/uploads\/2022\/05\/4E9ED3ED-5CF2-41FF-AA25-C7472B97CC51-1024x769.jpeg 1024w, https:\/\/encuentroinformativo.com.mx\/wp-content\/uploads\/2022\/05\/4E9ED3ED-5CF2-41FF-AA25-C7472B97CC51-300x225.jpeg 300w, https:\/\/encuentroinformativo.com.mx\/wp-content\/uploads\/2022\/05\/4E9ED3ED-5CF2-41FF-AA25-C7472B97CC51-768x576.jpeg 768w, https:\/\/encuentroinformativo.com.mx\/wp-content\/uploads\/2022\/05\/4E9ED3ED-5CF2-41FF-AA25-C7472B97CC51-1536x1153.jpeg 1536w, https:\/\/encuentroinformativo.com.mx\/wp-content\/uploads\/2022\/05\/4E9ED3ED-5CF2-41FF-AA25-C7472B97CC51.jpeg 1600w\" sizes=\"auto, (max-width: 1024px) 100vw, 1024px\" \/><\/figure>\n","protected":false},"excerpt":{"rendered":"<p>Alejandro \u00c1vila Veracruz, Ver.- Por presuntas irregularidades detectadas desde el 2021, y al no ser solventadas como marca la ley, la Procuradur\u00eda de Medio Ambiente (PMA) clausur\u00f3 este mi\u00e9rcoles el Acuario de Veracruz. Sergio Rodr\u00edguez Cort\u00e9s, titular de la dependencia se\u00f1al\u00f3 que, el personal administrativo del Acuario de Veracruz, nunca dio una informaci\u00f3n a la [&hellip;]<\/p>\n","protected":false},"author":1,"featured_media":27062,"comment_status":"open","ping_status":"open","sticky":false,"template":"","format":"standard","meta":{"_jetpack_memberships_contains_paid_content":false,"footnotes":""},"categories":[2],"tags":[],"class_list":["post-27061","post","type-post","status-publish","format-standard","has-post-thumbnail","hentry","category-estado"],"jetpack_featured_media_url":"https:\/\/encuentroinformativo.com.mx\/wp-content\/uploads\/2022\/05\/7DBAAD28-ED71-43F1-B759-7BDB012809E6.jpeg","jetpack_sharing_enabled":true,"jetpack_likes_enabled":true,"amp_enabled":true,"_links":{"self":[{"href":"https:\/\/encuentroinformativo.com.mx\/index.php?rest_route=\/wp\/v2\/posts\/27061","targetHints":{"allow":["GET"]}}],"collection":[{"href":"https:\/\/encuentroinformativo.com.mx\/index.php?rest_route=\/wp\/v2\/posts"}],"about":[{"href":"https:\/\/encuentroinformativo.com.mx\/index.php?rest_route=\/wp\/v2\/types\/post"}],"author":[{"embeddable":true,"href":"https:\/\/encuentroinformativo.com.mx\/index.php?rest_route=\/wp\/v2\/users\/1"}],"replies":[{"embeddable":true,"href":"https:\/\/encuentroinformativo.com.mx\/index.php?rest_route=%2Fwp%2Fv2%2Fcomments&post=27061"}],"version-history":[{"count":1,"href":"https:\/\/encuentroinformativo.com.mx\/index.php?rest_route=\/wp\/v2\/posts\/27061\/revisions"}],"predecessor-version":[{"id":27064,"href":"https:\/\/encuentroinformativo.com.mx\/index.php?rest_route=\/wp\/v2\/posts\/27061\/revisions\/27064"}],"wp:featuredmedia":[{"embeddable":true,"href":"https:\/\/encuentroinformativo.com.mx\/index.php?rest_route=\/wp\/v2\/media\/27062"}],"wp:attachment":[{"href":"https:\/\/encuentroinformativo.com.mx\/index.php?rest_route=%2Fwp%2Fv2%2Fmedia&parent=27061"}],"wp:term":[{"taxonomy":"category","embeddable":true,"href":"https:\/\/encuentroinformativo.com.mx\/index.php?rest_route=%2Fwp%2Fv2%2Fcategories&post=27061"},{"taxonomy":"post_tag","embeddable":true,"href":"https:\/\/encuentroinformativo.com.mx\/index.php?rest_route=%2Fwp%2Fv2%2Ftags&post=27061"}],"curies":[{"name":"wp","href":"https:\/\/api.w.org\/{rel}","templated":true}]}}