{"id":27068,"date":"2022-05-11T12:21:24","date_gmt":"2022-05-11T17:21:24","guid":{"rendered":"https:\/\/encuentroinformativo.com.mx\/?p=27068"},"modified":"2022-05-11T12:21:27","modified_gmt":"2022-05-11T17:21:27","slug":"lamentable-riesgo-para-periodistas-en-el-pais-sergio-cadena","status":"publish","type":"post","link":"https:\/\/encuentroinformativo.com.mx\/?p=27068","title":{"rendered":"Lamentable riesgo para periodistas en el pa\u00eds: Sergio Cadena"},"content":{"rendered":"\n<p><strong>*Presidente de la DEE del PRD en Veracruz, lamenta que M\u00e9xico sea uno de los pa\u00edses con mayores riesgos para el ejercicio period\u00edstico y la libertad de expresi\u00f3n.<\/strong><\/p>\n\n\n\n<p>Xalapa, Ver.- El presidente de la Direcci\u00f3n Ejecutiva Estatal del PRD en Veracruz, Sergio Cadena Mart\u00ednez, llam\u00f3 fr\u00edvolo y desatinado al comentario del Presidente de la Rep\u00fablica, Andr\u00e9s Manuel L\u00f3pez Obrador, acusando al periodo neoliberal de los homicidios de periodistas.<\/p>\n\n\n\n<p>Mencion\u00f3 que, de acuerdo a cifras oficiales de la Subsecretar\u00eda de los Derechos Humanos de la Secretar\u00eda de Gobernaci\u00f3n, en el gobierno de AMLO han sido asesinados 57 comunicadores de todo el pa\u00eds; 11 periodistas han sido ejecutados en lo que va de 2022.<\/p>\n\n\n\n<p>Lament\u00f3 que hoy en d\u00eda, M\u00e9xico es se\u00f1alado como el pa\u00eds con mayores riesgos para el ejercicio period\u00edstico y la libertad de expresi\u00f3n, comparado con Ucrania y Afganist\u00e1n, pa\u00edses que se encuentran en guerra. Lo que es inaceptable en un pa\u00eds que presume contar con un Estado de derecho fuerte.<\/p>\n\n\n\n<p>Asimismo, inform\u00f3 que, en el gobierno de Cuitl\u00e1huac Garc\u00eda Jim\u00e9nez, han sido asesinados siete periodistas, convirtiendo a Veracruz en una de las entidades m\u00e1s violentas del pa\u00eds.<\/p>\n\n\n\n<p>\u201cHay un ambiente de violencia, en el que se destaca la reprobable omisi\u00f3n de las autoridades, el descuido institucional para garantizar ayuda ante las agresiones y amenazas a los comunicadores, que no reciben la protecci\u00f3n necesaria por la falta de acci\u00f3n del gobierno federal y estatal para frenar los asesinatos de comunicadoras y comunicadores a lo largo del pa\u00eds\u201d, dijo.<\/p>\n\n\n\n<p>Por lo anterior, Cadena Mart\u00ednez record\u00f3 que el Grupo Legislativo del PRD en el Congreso de la Uni\u00f3n, present\u00f3 una iniciativa de Reforma Constitucional para garantizar una verdadera defensa de quienes ejercen a trav\u00e9s del periodismo la valiosa libertad de expresi\u00f3n, elemento fundamental de la vida en democracia.<\/p>\n\n\n\n<p>Se\u00f1al\u00f3 tambi\u00e9n, que se propuso una instituci\u00f3n nacional, con estructura en los estados para atender y defender a los comunicadores de cualquier amenaza, en condiciones \u00f3ptimas para defender a quienes ejercen el periodismo en cualquier parte del pa\u00eds.<\/p>\n\n\n\n<p>Por \u00faltimo, demand\u00f3 a los gobiernos federal y estatal, trabajen en garant\u00edas para que todos los periodistas veracruzanos, puedan vivir y trabajar seguros.<\/p>\n\n\n\n<p><\/p>\n","protected":false},"excerpt":{"rendered":"<p>*Presidente de la DEE del PRD en Veracruz, lamenta que M\u00e9xico sea uno de los pa\u00edses con mayores riesgos para el ejercicio period\u00edstico y la libertad de expresi\u00f3n. Xalapa, Ver.- El presidente de la Direcci\u00f3n Ejecutiva Estatal del PRD en Veracruz, Sergio Cadena Mart\u00ednez, llam\u00f3 fr\u00edvolo y desatinado al comentario del Presidente de la Rep\u00fablica, [&hellip;]<\/p>\n","protected":false},"author":1,"featured_media":27069,"comment_status":"open","ping_status":"open","sticky":false,"template":"","format":"standard","meta":{"_jetpack_memberships_contains_paid_content":false,"footnotes":""},"categories":[2],"tags":[],"class_list":["post-27068","post","type-post","status-publish","format-standard","has-post-thumbnail","hentry","category-estado"],"jetpack_featured_media_url":"https:\/\/encuentroinformativo.com.mx\/wp-content\/uploads\/2022\/05\/DB17EE37-73E4-455C-9B50-507D74C4F836.jpeg","jetpack_sharing_enabled":true,"jetpack_likes_enabled":true,"amp_enabled":true,"_links":{"self":[{"href":"https:\/\/encuentroinformativo.com.mx\/index.php?rest_route=\/wp\/v2\/posts\/27068","targetHints":{"allow":["GET"]}}],"collection":[{"href":"https:\/\/encuentroinformativo.com.mx\/index.php?rest_route=\/wp\/v2\/posts"}],"about":[{"href":"https:\/\/encuentroinformativo.com.mx\/index.php?rest_route=\/wp\/v2\/types\/post"}],"author":[{"embeddable":true,"href":"https:\/\/encuentroinformativo.com.mx\/index.php?rest_route=\/wp\/v2\/users\/1"}],"replies":[{"embeddable":true,"href":"https:\/\/encuentroinformativo.com.mx\/index.php?rest_route=%2Fwp%2Fv2%2Fcomments&post=27068"}],"version-history":[{"count":1,"href":"https:\/\/encuentroinformativo.com.mx\/index.php?rest_route=\/wp\/v2\/posts\/27068\/revisions"}],"predecessor-version":[{"id":27070,"href":"https:\/\/encuentroinformativo.com.mx\/index.php?rest_route=\/wp\/v2\/posts\/27068\/revisions\/27070"}],"wp:featuredmedia":[{"embeddable":true,"href":"https:\/\/encuentroinformativo.com.mx\/index.php?rest_route=\/wp\/v2\/media\/27069"}],"wp:attachment":[{"href":"https:\/\/encuentroinformativo.com.mx\/index.php?rest_route=%2Fwp%2Fv2%2Fmedia&parent=27068"}],"wp:term":[{"taxonomy":"category","embeddable":true,"href":"https:\/\/encuentroinformativo.com.mx\/index.php?rest_route=%2Fwp%2Fv2%2Fcategories&post=27068"},{"taxonomy":"post_tag","embeddable":true,"href":"https:\/\/encuentroinformativo.com.mx\/index.php?rest_route=%2Fwp%2Fv2%2Ftags&post=27068"}],"curies":[{"name":"wp","href":"https:\/\/api.w.org\/{rel}","templated":true}]}}