{"id":27075,"date":"2022-05-11T14:46:50","date_gmt":"2022-05-11T19:46:50","guid":{"rendered":"https:\/\/encuentroinformativo.com.mx\/?p=27075"},"modified":"2022-05-11T14:46:54","modified_gmt":"2022-05-11T19:46:54","slug":"lesionado-por-obra-de-tren-maya-solicita-apoyo-de-autoridades","status":"publish","type":"post","link":"https:\/\/encuentroinformativo.com.mx\/?p=27075","title":{"rendered":"Lesionado por obra de Tren Maya, solicita apoyo de autoridades"},"content":{"rendered":"\n<p>Xalapa, Ver. &#8211; Alberto Hern\u00e1ndez Marrero quien trabajaba como operador de un veh\u00edculo de transporte de material utilizado para la construcci\u00f3n del Tren Maya por la empresa Azvindi, pidi\u00f3 apoyo al gobierno estatal y federal.<\/p>\n\n\n\n<p>En conferencia de prensa, dijo que requiere ayuda para poder cubrir los gastos generados por un accidente que sufri\u00f3 dej\u00e1ndole heridas de consideraci\u00f3n en su pierna izquierda.<\/p>\n\n\n\n<figure class=\"wp-block-image size-large\"><img loading=\"lazy\" decoding=\"async\" width=\"1024\" height=\"683\" src=\"https:\/\/encuentroinformativo.com.mx\/wp-content\/uploads\/2022\/05\/13835DBD-E19F-4044-83B4-42368C677908-1024x683.jpeg\" alt=\"\" class=\"wp-image-27077\" srcset=\"https:\/\/encuentroinformativo.com.mx\/wp-content\/uploads\/2022\/05\/13835DBD-E19F-4044-83B4-42368C677908-1024x683.jpeg 1024w, https:\/\/encuentroinformativo.com.mx\/wp-content\/uploads\/2022\/05\/13835DBD-E19F-4044-83B4-42368C677908-300x200.jpeg 300w, https:\/\/encuentroinformativo.com.mx\/wp-content\/uploads\/2022\/05\/13835DBD-E19F-4044-83B4-42368C677908-768x512.jpeg 768w, https:\/\/encuentroinformativo.com.mx\/wp-content\/uploads\/2022\/05\/13835DBD-E19F-4044-83B4-42368C677908.jpeg 1488w\" sizes=\"auto, (max-width: 1024px) 100vw, 1024px\" \/><\/figure>\n","protected":false},"excerpt":{"rendered":"<p>Xalapa, Ver. &#8211; Alberto Hern\u00e1ndez Marrero quien trabajaba como operador de un veh\u00edculo de transporte de material utilizado para la construcci\u00f3n del Tren Maya por la empresa Azvindi, pidi\u00f3 apoyo al gobierno estatal y federal. En conferencia de prensa, dijo que requiere ayuda para poder cubrir los gastos generados por un accidente que sufri\u00f3 dej\u00e1ndole [&hellip;]<\/p>\n","protected":false},"author":1,"featured_media":27076,"comment_status":"open","ping_status":"open","sticky":false,"template":"","format":"standard","meta":{"_jetpack_memberships_contains_paid_content":false,"footnotes":""},"categories":[3],"tags":[],"class_list":["post-27075","post","type-post","status-publish","format-standard","has-post-thumbnail","hentry","category-xalapa"],"jetpack_featured_media_url":"https:\/\/encuentroinformativo.com.mx\/wp-content\/uploads\/2022\/05\/FEDF6D31-3851-4901-AD32-3979E9E0DDC4.jpeg","jetpack_sharing_enabled":true,"jetpack_likes_enabled":true,"amp_enabled":true,"_links":{"self":[{"href":"https:\/\/encuentroinformativo.com.mx\/index.php?rest_route=\/wp\/v2\/posts\/27075","targetHints":{"allow":["GET"]}}],"collection":[{"href":"https:\/\/encuentroinformativo.com.mx\/index.php?rest_route=\/wp\/v2\/posts"}],"about":[{"href":"https:\/\/encuentroinformativo.com.mx\/index.php?rest_route=\/wp\/v2\/types\/post"}],"author":[{"embeddable":true,"href":"https:\/\/encuentroinformativo.com.mx\/index.php?rest_route=\/wp\/v2\/users\/1"}],"replies":[{"embeddable":true,"href":"https:\/\/encuentroinformativo.com.mx\/index.php?rest_route=%2Fwp%2Fv2%2Fcomments&post=27075"}],"version-history":[{"count":1,"href":"https:\/\/encuentroinformativo.com.mx\/index.php?rest_route=\/wp\/v2\/posts\/27075\/revisions"}],"predecessor-version":[{"id":27078,"href":"https:\/\/encuentroinformativo.com.mx\/index.php?rest_route=\/wp\/v2\/posts\/27075\/revisions\/27078"}],"wp:featuredmedia":[{"embeddable":true,"href":"https:\/\/encuentroinformativo.com.mx\/index.php?rest_route=\/wp\/v2\/media\/27076"}],"wp:attachment":[{"href":"https:\/\/encuentroinformativo.com.mx\/index.php?rest_route=%2Fwp%2Fv2%2Fmedia&parent=27075"}],"wp:term":[{"taxonomy":"category","embeddable":true,"href":"https:\/\/encuentroinformativo.com.mx\/index.php?rest_route=%2Fwp%2Fv2%2Fcategories&post=27075"},{"taxonomy":"post_tag","embeddable":true,"href":"https:\/\/encuentroinformativo.com.mx\/index.php?rest_route=%2Fwp%2Fv2%2Ftags&post=27075"}],"curies":[{"name":"wp","href":"https:\/\/api.w.org\/{rel}","templated":true}]}}