{"id":27085,"date":"2022-05-11T15:57:27","date_gmt":"2022-05-11T20:57:27","guid":{"rendered":"https:\/\/encuentroinformativo.com.mx\/?p=27085"},"modified":"2022-05-11T15:57:31","modified_gmt":"2022-05-11T20:57:31","slug":"trabajo-del-congreso-local-seria-accesible-para-las-personas-con-discapacidad","status":"publish","type":"post","link":"https:\/\/encuentroinformativo.com.mx\/?p=27085","title":{"rendered":"Trabajo del Congreso local ser\u00eda accesible para las personas con discapacidad"},"content":{"rendered":"\n<p><strong>*Ante asociaciones civiles, la diputada Illya Dolores Escobar presenta la iniciativa para que trabajo del Congreso contenga los ajustes razonables para que sea accesible e inclusivo para todas las personas.<\/strong><\/p>\n\n\n\n<p>Xalapa, Ver.- Con el objeto de promover la inclusi\u00f3n social de las personas con discapacidad, la diputada Illya Dolores Escobar Mart\u00ednez anunci\u00f3 la presentaci\u00f3n de una iniciativa que adicionar\u00eda un segundo p\u00e1rrafo al art\u00edculo 81 del Reglamento para el Gobierno Interior del Poder Legislativo del Estado de Veracruz para que las sesiones presenciales y remotas de este Congreso, as\u00ed como la comunicaci\u00f3n y difusi\u00f3n oficial incluyan Lengua de Se\u00f1as Mexicanas, Sistema Braille, visualizaci\u00f3n de textos, entre otros, para garantizar el derecho a la informaci\u00f3n de las personas con discapacidad.<\/p>\n\n\n\n<p>En una reuni\u00f3n, celebrada en la Sala Irene Bourell Peralta de este Poder Legislativo, la Diputada expuso que esta iniciativa la presentar\u00e1 ante el Pleno del Congreso para el tr\u00e1mite conducente, \u201cpero antes era necesario escuchar las voces de las personas involucradas y de los expertos para enriquecer la propuesta y as\u00ed contar con un instrumento de vanguardia\u201d.<\/p>\n\n\n\n<p>Con la presencia de Karina Mart\u00ednez Vera, del Instituto Mexicano de Investigaci\u00f3n y Desarrollo Integral (IMIDI); de Yanet Reyez Ortiz, Virginia Valenzuela y Ana Luisa Castellanos, de la asociaci\u00f3n civil Progreso Veracruzano Ecologico y Cultural, Provec y de la activista en pro de los derechos humanos de las personas con discapacidad, Ana Ruth Ferrer Rivera, la Diputada dijo que para el partido pol\u00edtico al cual representa, el parlamento abierto es fundamental para tender puentes de comunicaci\u00f3n y acercarse a las necesidades de la gente y as\u00ed responder a la confianza depositada en las urnas.<\/p>\n\n\n\n<p>Tras agradecer a las y los representantes de las asociaciones civiles presentes, subray\u00f3 que con las aportaciones se har\u00e1 una propuesta que est\u00e9 a la altura de la deuda legislativa que se tiene con todas las personas que tienen alguna discapacidad.<\/p>\n\n\n\n<p>Record\u00f3 que la Ley General para la Inclusi\u00f3n de las Personas con Discapacidad define \u201clos ajustes razonables como las modificaciones y adaptaciones necesarias y adecuadas que no impongan una carga desproporcionada o indebida, cuando se requiere en un caso particular, para garantizar a las personas con discapacidad el goce o ejercicio, en igualdad de condiciones con los dem\u00e1s, de todos los derechos humanos y libertades fundamentales\u201d.<\/p>\n\n\n\n<p>De acuerdo con la propuesta, la modificaci\u00f3n al art\u00edculo 81 del citado Reglamento es para que las sesiones presenciales y remotas, as\u00ed como la comunicaci\u00f3n y difusi\u00f3n oficial del Poder Legislativo cuente con los ajustes razonables, que incluir\u00e1: int\u00e9rprete de Lengua de Se\u00f1as Mexicanas, visualizaci\u00f3n de textos, Sistema Braille, comunicaci\u00f3n t\u00e1ctil, macrotipos y dispositivos multimedia de f\u00e1cil acceso.<\/p>\n\n\n\n<p>As\u00ed como el lenguaje escrito, sistemas auditivos, lenguaje sencillo, medios de voz digitalizada y otros modos, medios y formatos aumentativos o alternativos de comunicaci\u00f3n, incluida la tecnolog\u00eda, las comunicaciones de f\u00e1cil acceso para garantizar el derecho a la informaci\u00f3n de las personas con alguna discapacidad, priorizando en todo momento un lenguaje incluyente y no sexista.<\/p>\n\n\n\n<p>A la reuni\u00f3n asistieron tambi\u00e9n Alma Evelia Rodr\u00edguez Luna, Juan Carlos Puebla Torres, Jorge Rafael Meza Paseiro, Alba de Jes\u00fas V\u00e1zquez Torres, Karina Lagunes Paredes, Ulises Mart\u00ednez Cruz, Elio Tienda Aguilar, Landi Tienda Aguilar, Brenda Loranca Aguilar, \u00c1ngel Rafael Lara Mart\u00ednez, Mar\u00eda del Pilar Asunci\u00f3n Lara Mart\u00ednez, Miguel \u00c1ngel Preciado L\u00f3pez y Fernando Meza Herrera.<\/p>\n","protected":false},"excerpt":{"rendered":"<p>*Ante asociaciones civiles, la diputada Illya Dolores Escobar presenta la iniciativa para que trabajo del Congreso contenga los ajustes razonables para que sea accesible e inclusivo para todas las personas. Xalapa, Ver.- Con el objeto de promover la inclusi\u00f3n social de las personas con discapacidad, la diputada Illya Dolores Escobar Mart\u00ednez anunci\u00f3 la presentaci\u00f3n de [&hellip;]<\/p>\n","protected":false},"author":1,"featured_media":27086,"comment_status":"open","ping_status":"open","sticky":false,"template":"","format":"standard","meta":{"_jetpack_memberships_contains_paid_content":false,"footnotes":""},"categories":[2],"tags":[],"class_list":["post-27085","post","type-post","status-publish","format-standard","has-post-thumbnail","hentry","category-estado"],"jetpack_featured_media_url":"https:\/\/encuentroinformativo.com.mx\/wp-content\/uploads\/2022\/05\/4E776ED3-19B5-4E35-851E-4CAAA8094AAE.jpeg","jetpack_sharing_enabled":true,"jetpack_likes_enabled":true,"amp_enabled":true,"_links":{"self":[{"href":"https:\/\/encuentroinformativo.com.mx\/index.php?rest_route=\/wp\/v2\/posts\/27085","targetHints":{"allow":["GET"]}}],"collection":[{"href":"https:\/\/encuentroinformativo.com.mx\/index.php?rest_route=\/wp\/v2\/posts"}],"about":[{"href":"https:\/\/encuentroinformativo.com.mx\/index.php?rest_route=\/wp\/v2\/types\/post"}],"author":[{"embeddable":true,"href":"https:\/\/encuentroinformativo.com.mx\/index.php?rest_route=\/wp\/v2\/users\/1"}],"replies":[{"embeddable":true,"href":"https:\/\/encuentroinformativo.com.mx\/index.php?rest_route=%2Fwp%2Fv2%2Fcomments&post=27085"}],"version-history":[{"count":1,"href":"https:\/\/encuentroinformativo.com.mx\/index.php?rest_route=\/wp\/v2\/posts\/27085\/revisions"}],"predecessor-version":[{"id":27087,"href":"https:\/\/encuentroinformativo.com.mx\/index.php?rest_route=\/wp\/v2\/posts\/27085\/revisions\/27087"}],"wp:featuredmedia":[{"embeddable":true,"href":"https:\/\/encuentroinformativo.com.mx\/index.php?rest_route=\/wp\/v2\/media\/27086"}],"wp:attachment":[{"href":"https:\/\/encuentroinformativo.com.mx\/index.php?rest_route=%2Fwp%2Fv2%2Fmedia&parent=27085"}],"wp:term":[{"taxonomy":"category","embeddable":true,"href":"https:\/\/encuentroinformativo.com.mx\/index.php?rest_route=%2Fwp%2Fv2%2Fcategories&post=27085"},{"taxonomy":"post_tag","embeddable":true,"href":"https:\/\/encuentroinformativo.com.mx\/index.php?rest_route=%2Fwp%2Fv2%2Ftags&post=27085"}],"curies":[{"name":"wp","href":"https:\/\/api.w.org\/{rel}","templated":true}]}}