{"id":27088,"date":"2022-05-11T19:28:41","date_gmt":"2022-05-12T00:28:41","guid":{"rendered":"https:\/\/encuentroinformativo.com.mx\/?p=27088"},"modified":"2022-05-11T19:28:44","modified_gmt":"2022-05-12T00:28:44","slug":"familiares-claman-justicia-piden-no-criminalizar-a-reporteras","status":"publish","type":"post","link":"https:\/\/encuentroinformativo.com.mx\/?p=27088","title":{"rendered":"Familiares claman justicia; piden no criminalizar a reporteras"},"content":{"rendered":"\n<p><strong>Juan Arcos <\/strong><\/p>\n\n\n\n<p>Xalapa, Ver.- Las periodistas Yessenia Mollinedo Falconi y Sheila Johana Garc\u00eda fueron sepultadas en el pante\u00f3n \u201cMiguel Hidalgo\u201d del municipio de Minatitl\u00e1n, luego de su asesinato el pasado lunes 9 de mayo en Cosoleacaque, al sur de Veracruz.<\/p>\n\n\n\n<p>Sus familiares, amigos y compa\u00f1eros reporteros estuvieron presentes para dar el \u00faltimo adi\u00f3s a las comunicadoras, quienes fueron atacadas a balazos por un comando afuera de una tienda de autoservicio.<\/p>\n\n\n\n<p>Aurora Falconi, madre de la Directora General de la agencia informativa \u201cEl Veraz\u201d, exigi\u00f3 justicia a las autoridades federales y estatales en este caso.<\/p>\n\n\n\n<p>Apenas pod\u00eda hablar y mantenerse de pie por tanto llanto y dolor que le ha causado la p\u00e9rdida de su menor hija, a quien le arrebataron la vida con violencia.<\/p>\n\n\n\n<p>\u201cYa no te ver\u00e9 m\u00e1s mi chiquita, te voy a extra\u00f1ar\u201d, expres\u00f3 la se\u00f1ora mientras tocaba con sus manos el ata\u00fad de madera donde yacen los restos de Yessenia.<\/p>\n\n\n\n<p>Ramiro Mollinedo dio a conocer que teme por su vida, debido a que ha recibido varias amenazas despu\u00e9s del homicidio de su hermana Yessenia.<\/p>\n\n\n\n<p>A unos 30 metros de distancia, tambi\u00e9n fue sepultada Sheila Johana, quien dej\u00f3 en la orfandad a sus tres hijos: de seis, 11 y 15 a\u00f1os.<br>Los familiares de ambas reporteras reclamaron que el caso sea esclarecido y sobre todo que no se criminalice a las v\u00edctimas.<\/p>\n\n\n\n<p><strong>HAY CUATRO L\u00cdNEAS DE INVESTIGACI\u00d3N\u00a0<\/strong><\/p>\n\n\n\n<p>En conferencia de prensa, el gobernador de Veracruz, Cuitl\u00e1huac Garc\u00eda Jim\u00e9nez, revel\u00f3 que hay cuatro l\u00edneas de investigaci\u00f3n por el asesinato de las periodistas.<\/p>\n\n\n\n<p>Desde Palacio de Gobierno, el mandatario estatal tambi\u00e9n dio a conocer que ser\u00e1 investigada la filtraci\u00f3n de los audios que presuntamente relacionan a Yessenia con bandas del crimen organizado, toda vez que esta situaci\u00f3n criminaliza a las v\u00edctimas.<\/p>\n\n\n\n<p>El titular del Poder Ejecutivo en Veracruz dio a conocer que se mantiene el operativo para la b\u00fasqueda de los responsables de haber cometido el doble asesinato.<\/p>\n\n\n\n<p>\u201cMantenemos el operativo todav\u00eda, estamos coordinados con la Federaci\u00f3n para seguir con este operativo en la b\u00fasqueda de los responsables y la Fiscal\u00eda General del Estado informa que mantiene las cuatro l\u00edneas de investigaci\u00f3n, que ya tiene avances en varias de ellas, sust\u00e1nciales y que por secrec\u00eda, por lo reciente del evento, no revela m\u00e1s informaci\u00f3n\u201d, enfatiz\u00f3 Garc\u00eda Jim\u00e9nez.<\/p>\n","protected":false},"excerpt":{"rendered":"<p>Juan Arcos Xalapa, Ver.- Las periodistas Yessenia Mollinedo Falconi y Sheila Johana Garc\u00eda fueron sepultadas en el pante\u00f3n \u201cMiguel Hidalgo\u201d del municipio de Minatitl\u00e1n, luego de su asesinato el pasado lunes 9 de mayo en Cosoleacaque, al sur de Veracruz. Sus familiares, amigos y compa\u00f1eros reporteros estuvieron presentes para dar el \u00faltimo adi\u00f3s a las [&hellip;]<\/p>\n","protected":false},"author":1,"featured_media":27089,"comment_status":"open","ping_status":"open","sticky":false,"template":"","format":"standard","meta":{"_jetpack_memberships_contains_paid_content":false,"footnotes":""},"categories":[2],"tags":[],"class_list":["post-27088","post","type-post","status-publish","format-standard","has-post-thumbnail","hentry","category-estado"],"jetpack_featured_media_url":"https:\/\/encuentroinformativo.com.mx\/wp-content\/uploads\/2022\/05\/8F5DCB6D-F4B3-42A7-A899-B81768B78271.jpeg","jetpack_sharing_enabled":true,"jetpack_likes_enabled":true,"amp_enabled":true,"_links":{"self":[{"href":"https:\/\/encuentroinformativo.com.mx\/index.php?rest_route=\/wp\/v2\/posts\/27088","targetHints":{"allow":["GET"]}}],"collection":[{"href":"https:\/\/encuentroinformativo.com.mx\/index.php?rest_route=\/wp\/v2\/posts"}],"about":[{"href":"https:\/\/encuentroinformativo.com.mx\/index.php?rest_route=\/wp\/v2\/types\/post"}],"author":[{"embeddable":true,"href":"https:\/\/encuentroinformativo.com.mx\/index.php?rest_route=\/wp\/v2\/users\/1"}],"replies":[{"embeddable":true,"href":"https:\/\/encuentroinformativo.com.mx\/index.php?rest_route=%2Fwp%2Fv2%2Fcomments&post=27088"}],"version-history":[{"count":1,"href":"https:\/\/encuentroinformativo.com.mx\/index.php?rest_route=\/wp\/v2\/posts\/27088\/revisions"}],"predecessor-version":[{"id":27090,"href":"https:\/\/encuentroinformativo.com.mx\/index.php?rest_route=\/wp\/v2\/posts\/27088\/revisions\/27090"}],"wp:featuredmedia":[{"embeddable":true,"href":"https:\/\/encuentroinformativo.com.mx\/index.php?rest_route=\/wp\/v2\/media\/27089"}],"wp:attachment":[{"href":"https:\/\/encuentroinformativo.com.mx\/index.php?rest_route=%2Fwp%2Fv2%2Fmedia&parent=27088"}],"wp:term":[{"taxonomy":"category","embeddable":true,"href":"https:\/\/encuentroinformativo.com.mx\/index.php?rest_route=%2Fwp%2Fv2%2Fcategories&post=27088"},{"taxonomy":"post_tag","embeddable":true,"href":"https:\/\/encuentroinformativo.com.mx\/index.php?rest_route=%2Fwp%2Fv2%2Ftags&post=27088"}],"curies":[{"name":"wp","href":"https:\/\/api.w.org\/{rel}","templated":true}]}}