{"id":2709,"date":"2020-05-21T09:38:53","date_gmt":"2020-05-21T14:38:53","guid":{"rendered":"https:\/\/encuentroinformativo.com\/?p=2709"},"modified":"2020-05-21T09:38:55","modified_gmt":"2020-05-21T14:38:55","slug":"la-cfe-nos-pone-a-parir-cuates","status":"publish","type":"post","link":"https:\/\/encuentroinformativo.com.mx\/?p=2709","title":{"rendered":"\u00a1La CFE nos pone a parir cuates!"},"content":{"rendered":"\n<p><strong>Los Pol\u00edticos<\/strong><\/p>\n\n\n\n<p><strong>Salvador Mu\u00f1oz<\/strong><br><\/p>\n\n\n\n<p>El \u00faltimo recibo por el servicio de energ\u00eda el\u00e9ctrica fue de 57 pesos m\u00e1s a diferencia del anterior\u2026 lo consideramos hasta cierto punto normal cuando ahora que la Mujer pasa la cuarentena en casa: tenemos una computadora m\u00e1s a la que hay que recargar la bater\u00eda; tenemos una impresora que ella se usa ocasionalmente; y quiz\u00e1s, lo que nos puede ocasionar m\u00e1s gasto de energ\u00eda es el uso que le da la Mujer a la lavadora y secadora en lo que yo sospecho, es un claro Trastorno Obsesivo Compulsivo contra los g\u00e9rmenes despertado por esta pandemia en ella\u2026 aunque debo aclarar que mi \u201crecibo de luz\u201d anterior, comprendi\u00f3 el periodo marzo abril, es decir, ara\u00f1a media cuarentena\u2026 \u00a1qui\u00e9n sabe c\u00f3mo venga el pr\u00f3ximo!<\/p>\n\n\n\n<p>Antes no comprend\u00eda el porqu\u00e9 dec\u00edamos \u201crecibo de luz\u201d&#8230; es m\u00e1s, ni importancia le daba\u2026 pero esta expresi\u00f3n es seguro que tenga d\u00e9cadas y su origen venga en que muchos hogares, al contratar el servicio de energ\u00eda el\u00e9ctrica, cumpl\u00edan con una necesidad b\u00e1sica en sus casas: prender un foco que les diera luz. Quiz\u00e1s por all\u00ed un enchufe para conectar la radio\u2026 ya despu\u00e9s, hubo necesidad de otro, porque hab\u00eda que planchar el uniforme de los chilpayates\u2026 ni pensar en la licuadora, en el refri y menos en una tele\u2026 tener \u201cluz\u201d en la casa, pues, implicaba un foco que iluminara cuatro paredes\u2026 \u00a1ya despu\u00e9s vino lo dem\u00e1s!<\/p>\n\n\n\n<p>Una amiga empresaria, Maritza, quien durante esta etapa de cierre de empresas de actividades \u201cno esenciales\u201d, tuvo que aguantar un rato que suspensi\u00f3n de fiestas, de bodas, quincea\u00f1os, cumplea\u00f1os y dem\u00e1s celebraciones propias de su actividad, aplic\u00f3 el #QuedateEnCasa&#8230; \u00a1para que el recibo de su \u201cluz\u201d le llegara con 741 pesos m\u00e1s a diferencia del que comprend\u00eda el periodo enero-marzo!<\/p>\n\n\n\n<p>\u201cLo que me tiene impactada es que este periodo tuve cerrado el local por 4 semanas, sin uso de clima, sin uso de luz, es m\u00e1s, antes de cerrarlo, \u00a1desconect\u00e9 hasta el refrigerador! \u00bfc\u00f3mo puede ser posible!\u201d<\/p>\n\n\n\n<p>La empresaria agrega que antes de la contingencia ten\u00eda todo el d\u00eda abierto, con doble turno; ahora, s\u00f3lo trabaja el primer turno y cierra en la tarde, por ende, ocupa menos \u201cluz\u201d.<\/p>\n\n\n\n<p>Precisa que acat\u00f3 las instrucciones de cerrar el negocio un tiempo, \u201cpero lo tuve que reabrir con todas las recomendaciones \u00bfsaben por qu\u00e9? \u00a1Por cosas como \u00e9stas! \u00a1Los pagos siguen y siguen! \u00a1los empleados tienen las mismas situaciones en sus casas con recibos de \u201cluz\u201d exorbitantes, y si no pagas, pues ya sabemos que te cortan y no perdonan\u201d.<\/p>\n\n\n\n<p>En resumen, tiene que pagar m\u00e1s en un periodo en el que no gener\u00f3 ingresos, sino que por el contrario, hizo malabares para cumplir con pagos de renta, empleados, etc\u00e9tera. \u201cEstamos en un pa\u00eds en el que es dif\u00edcil progresar para gente honesta y trabajadora\u201d.<\/p>\n\n\n\n<p>Ojo\u2026 hablamos de una empresaria\u2026 pero tengo el caso de otros dos amigos, ellos comunicadores, Erika y Omar, a quienes \u00a1se les cuadruplic\u00f3 el costo del servicio de energ\u00eda!, es decir, les aplicaron la 4T en la CFE. Ellos creen que el incremento se puede deber (no, no se puede deber, porque en la CFE, si debes, te cortan\u2026), m\u00e1s bien puede ser originado por las 4 horas diarias de clases virtuales que se chuta ella con el chaval, m\u00e1s otras dos horas de tareas y env\u00edos\u2026 \u00bfY en qu\u00e9 consiste el consumo extra? Algo similar a lo que hacemos en casa: cargar cuando se requiere la tableta y celulares para poder &#8220;hacerle a la escuelita en casa&#8221; de forma virtual&#8230;<\/p>\n\n\n\n<p>Pues Omar fue a la CFE y le dijeron los cobrones que el cobrote estaba bien, que \u201cs\u00ed consumimos energ\u00eda el\u00e9ctrica cuatro veces m\u00e1s de lo normal en la casa\u201d. Aunque hubo \u201cun rayito de esperanza\u201d: le sugirieron a Omar que cheque si no est\u00e1n robando \u201cla luz\u201d de alg\u00fan lado, \u201cporque ellos nom\u00e1s est\u00e1n para pasar a leer el consumo&#8230; y para cobrar, \u00a1claro est\u00e1!\u201d<\/p>\n\n\n\n<p>La PD de Erika: \u201cComo seguiremos con nuestras clases virtuales para que el chaval no pierda su ciclo escolar, supongo que nos seguir\u00e1 llegando as\u00ed de cara la luz porque ni modo de no pagarla, \u00bfverdad?\u201d<\/p>\n\n\n\n<p>S\u00f3lo para recordar\u2026 a mediados de abril, hubo quejas porque los \u201crecibos de luz\u201d llegaban muy elevados y en algunos casos, duplicaban el pago. En la Ma\u00f1anera del 15 de ese mes, el presidente Andr\u00e9s Manuel L\u00f3pez Obrador dec\u00eda que era falso sobre los aumentos a las tarifas de luz el\u00e9ctrica y que no aumentar\u00eda la luz en la cuarentena\u2026 s\u00f3lo para record\u00e1rsela&#8230;<\/p>\n\n\n\n<p>Y si bien han pasado ya muchas d\u00e9cadas de que surgi\u00f3 eso de que hubiera \u201cluz\u201d en la casa, ahora, en casa no tenemos un foco, sino muchos conectores para cargar los celulares de cada miembro de la familia, los televisores, los aparatos de sonido, las computadoras, ya sin contar el refri, la estufa y el micro, pero todav\u00eda seguimos empleando el t\u00e9rmino \u201cla luz\u201d por algo muy simple\u2026 porque en esta pandemia, en el pago del consumo, todo indica que ser\u00e1 como si \u201cdi\u00e9ramos a luz\u201d&#8230; \u00a1la CFE nos pone a parir cuates!<br><\/p>\n\n\n\n<p><a href=\"mailto:smcainito@gmail.com\" target=\"_blank\" rel=\"noreferrer noopener\">smcainito@gmail.com<\/a><\/p>\n","protected":false},"excerpt":{"rendered":"<p>Los Pol\u00edticos Salvador Mu\u00f1oz El \u00faltimo recibo por el servicio de energ\u00eda el\u00e9ctrica fue de 57 pesos m\u00e1s a diferencia del anterior\u2026 lo consideramos hasta cierto punto normal cuando ahora que la Mujer pasa la cuarentena en casa: tenemos una computadora m\u00e1s a la que hay que recargar la bater\u00eda; tenemos una impresora que ella [&hellip;]<\/p>\n","protected":false},"author":1,"featured_media":387,"comment_status":"open","ping_status":"open","sticky":false,"template":"","format":"standard","meta":{"_jetpack_memberships_contains_paid_content":false,"footnotes":""},"categories":[11],"tags":[],"class_list":["post-2709","post","type-post","status-publish","format-standard","has-post-thumbnail","hentry","category-opinion"],"jetpack_featured_media_url":"https:\/\/encuentroinformativo.com.mx\/wp-content\/uploads\/2020\/03\/7CF8A22B-2764-47BE-8F7F-38FE9E5D6A2F.jpeg","jetpack_sharing_enabled":true,"jetpack_likes_enabled":true,"amp_enabled":true,"_links":{"self":[{"href":"https:\/\/encuentroinformativo.com.mx\/index.php?rest_route=\/wp\/v2\/posts\/2709","targetHints":{"allow":["GET"]}}],"collection":[{"href":"https:\/\/encuentroinformativo.com.mx\/index.php?rest_route=\/wp\/v2\/posts"}],"about":[{"href":"https:\/\/encuentroinformativo.com.mx\/index.php?rest_route=\/wp\/v2\/types\/post"}],"author":[{"embeddable":true,"href":"https:\/\/encuentroinformativo.com.mx\/index.php?rest_route=\/wp\/v2\/users\/1"}],"replies":[{"embeddable":true,"href":"https:\/\/encuentroinformativo.com.mx\/index.php?rest_route=%2Fwp%2Fv2%2Fcomments&post=2709"}],"version-history":[{"count":1,"href":"https:\/\/encuentroinformativo.com.mx\/index.php?rest_route=\/wp\/v2\/posts\/2709\/revisions"}],"predecessor-version":[{"id":2710,"href":"https:\/\/encuentroinformativo.com.mx\/index.php?rest_route=\/wp\/v2\/posts\/2709\/revisions\/2710"}],"wp:featuredmedia":[{"embeddable":true,"href":"https:\/\/encuentroinformativo.com.mx\/index.php?rest_route=\/wp\/v2\/media\/387"}],"wp:attachment":[{"href":"https:\/\/encuentroinformativo.com.mx\/index.php?rest_route=%2Fwp%2Fv2%2Fmedia&parent=2709"}],"wp:term":[{"taxonomy":"category","embeddable":true,"href":"https:\/\/encuentroinformativo.com.mx\/index.php?rest_route=%2Fwp%2Fv2%2Fcategories&post=2709"},{"taxonomy":"post_tag","embeddable":true,"href":"https:\/\/encuentroinformativo.com.mx\/index.php?rest_route=%2Fwp%2Fv2%2Ftags&post=2709"}],"curies":[{"name":"wp","href":"https:\/\/api.w.org\/{rel}","templated":true}]}}