{"id":27093,"date":"2022-05-11T19:51:13","date_gmt":"2022-05-12T00:51:13","guid":{"rendered":"https:\/\/encuentroinformativo.com.mx\/?p=27093"},"modified":"2022-05-11T19:51:16","modified_gmt":"2022-05-12T00:51:16","slug":"convoca-diputada-a-sociedad-por-una-ninez-y-adolescencia-sin-violencia","status":"publish","type":"post","link":"https:\/\/encuentroinformativo.com.mx\/?p=27093","title":{"rendered":"Convoca Diputada a sociedad por una ni\u00f1ez y adolescencia sin violencia"},"content":{"rendered":"\n<p><strong>*Encabeza Ana Miriam Ferr\u00e1ez Centeno mesa de an\u00e1lisis sobre la crianza positiva.<\/strong><\/p>\n\n\n\n<p>Xalapa, Ver.- Por iniciativa y convocatoria de la presidenta de la Comisi\u00f3n Permanente de Derechos de la Ni\u00f1ez y la Familia, diputada Ana Miriam Ferr\u00e1ez Centeno, se llev\u00f3 a cabo la mesa de an\u00e1lisis denominada La importancia de la crianza positiva para prevenir la violencia contra ni\u00f1as, ni\u00f1os y adolescentes, un espacio de reflexi\u00f3n sobre las alternativas y prioridades de la pol\u00edtica p\u00fablica estatal para eliminar este fen\u00f3meno, en el marco de los resultados del Informe sobre la Violencia contra Ni\u00f1as, Ni\u00f1os y Adolescentes, realizado por la organizaci\u00f3n World Vision M\u00e9xico.<\/p>\n\n\n\n<p>Como anfitriona, en el auditorio Sebasti\u00e1n Lerdo de Tejada del Palacio Legislativo, la representante popular agradeci\u00f3 y ponder\u00f3 la presencia y las aportaciones de las y los ponentes, ante quienes reflexion\u00f3 acerca de los resultados de dicho Informe, \u201cun reporte de suma val\u00eda para los poderes del Estado, \u00f3rdenes de gobierno, organismos aut\u00f3nomos, medios de comunicaci\u00f3n, academia, padres y madres de familia y sociedad en general\u201d.<\/p>\n\n\n\n<p>A partir de los datos que presenta este diagn\u00f3stico, la legisladora consider\u00f3 que \u201ces una hoja de ruta para analizar y consensar, para decidir juntos y trabajar con todo vigor colectivamente, porque nos reclaman trascender los discursos y las promesas para llevar a cabo acciones de legislaci\u00f3n, pol\u00edticas p\u00fablicas, programas y recursos que lleguen a resultados palpables que garanticen sin pretextos ni condiciones los derechos humanos de las nuevas generaciones\u201d.<\/p>\n\n\n\n<p>La Diputada asegur\u00f3 que \u201choy podemos marcar una diferencia y romper con el paradigma de que la disciplina que educa y forma en el hogar, en el aula, tiene que condimentarse con gritos, golpes, agresiones y violaciones a los derechos humanos. Nuestra convicci\u00f3n es hacer valer sobre todo el inter\u00e9s superior de la ni\u00f1ez en las leyes, en las pol\u00edticas p\u00fablicas, en los presupuestos, en el cambio de conducta como madres, padres y personas cuidadoras hacia una crianza positiva\u201d.<\/p>\n\n\n\n<p>Consider\u00f3 tambi\u00e9n que \u201ctenemos que reprogramarnos para orientar, formar y educar con respeto, libertad informada, armon\u00eda, amor y paciencia\u201d y ratific\u00f3 su determinaci\u00f3n a \u201cconsensar, articular y multiplicar acciones con la academia, las organizaciones sociales, colectivos y asociaciones civiles, docentes, especialistas, funcionariado y sociedad para que nos vinculemos con acciones y eliminemos la violencia de todo tipo\u201d.<\/p>\n\n\n\n<p>A su vez, la secretaria ejecutiva del Sistema Nacional de Protecci\u00f3n de Ni\u00f1as, Ni\u00f1os y Adolescentes (Sipinna) en el estado de Veracruz, Mar\u00eda del Pilar Paz Villafuerte, manifest\u00f3 que ante la magnitud del reto que representa el cambio en la manera de pensar y actuar, deben unirse sociedad y gobierno para crear una conciencia social participativa y reconstruir el tejido social. El objetivo, a\u00f1adi\u00f3, es generar un cambio en la percepci\u00f3n de madres, padres y cuidadores y generar una nueva perspectiva sobre la crianza sin violencia.<\/p>\n\n\n\n<p>La mesa de an\u00e1lisis estuvo moderada por el oficial de Incidencias en la Regi\u00f3n Golfo, Puebla, Oaxaca y Veracruz, Jos\u00e9 Francisco Ram\u00edrez Jim\u00e9nez, y participaron: la adolescente Rita Guadalupe Herrera Renter\u00eda; el ni\u00f1o Vito Francisco Mart\u00ednez Lozano; el investigador acad\u00e9mico de la Universidad Veracruzana (UV), Dar\u00edo Fabi\u00e1n Gonz\u00e1lez Hern\u00e1ndez; la psic\u00f3loga criminalista Lol-ha P\u00e9rez Landa; el director del DIF Municipal de Xalapa, Alejandro del \u00c1ngel Aguilar; la directora de la asociaci\u00f3n civil Estudios y Atenci\u00f3n Psicol\u00f3gica \u201cAraucaria\u201d, Cynthia Hern\u00e1ndez S\u00e1nchez, y la titular de la Unidad de Atenci\u00f3n a Ni\u00f1as, Ni\u00f1os y Adolescentes de la Comisi\u00f3n Estatal de Derechos Humanos (CEDH), Mar\u00eda del Roc\u00edo Bellido Falf\u00e1n.<\/p>\n\n\n\n<p>Asistieron tambi\u00e9n el director regional de World Vision M\u00e9xico, Ismael Sol\u00eds Romero; el diputado Luis Arturo Santiago Mart\u00ednez; el director del Centro Estatal de Prevenci\u00f3n Social de la Violencia y la Delincuencia con Participaci\u00f3n Ciudadana (Ceprevide), Jos\u00e9 Manuel Jim\u00e9nez Mora; asociaciones de padres y madres de familia de las escuelas secundarias General 1 y General 5, de las escuelas primarias 20 de Noviembre y Manuel de Boza; integrantes de la Comisi\u00f3n Veracruzana para la Atenci\u00f3n a Padres de Familia AC, as\u00ed como representantes de Sipinna C\u00f3rdoba y Tantoyuca, de la Secretar\u00eda de Educaci\u00f3n de Veracruz (SEV), entre otras asociaciones civiles.<\/p>\n","protected":false},"excerpt":{"rendered":"<p>*Encabeza Ana Miriam Ferr\u00e1ez Centeno mesa de an\u00e1lisis sobre la crianza positiva. Xalapa, Ver.- Por iniciativa y convocatoria de la presidenta de la Comisi\u00f3n Permanente de Derechos de la Ni\u00f1ez y la Familia, diputada Ana Miriam Ferr\u00e1ez Centeno, se llev\u00f3 a cabo la mesa de an\u00e1lisis denominada La importancia de la crianza positiva para prevenir [&hellip;]<\/p>\n","protected":false},"author":1,"featured_media":27094,"comment_status":"open","ping_status":"open","sticky":false,"template":"","format":"standard","meta":{"_jetpack_memberships_contains_paid_content":false,"footnotes":""},"categories":[2],"tags":[],"class_list":["post-27093","post","type-post","status-publish","format-standard","has-post-thumbnail","hentry","category-estado"],"jetpack_featured_media_url":"https:\/\/encuentroinformativo.com.mx\/wp-content\/uploads\/2022\/05\/FDE52921-F0C4-4FDB-A876-A97BF1059E96.jpeg","jetpack_sharing_enabled":true,"jetpack_likes_enabled":true,"amp_enabled":true,"_links":{"self":[{"href":"https:\/\/encuentroinformativo.com.mx\/index.php?rest_route=\/wp\/v2\/posts\/27093","targetHints":{"allow":["GET"]}}],"collection":[{"href":"https:\/\/encuentroinformativo.com.mx\/index.php?rest_route=\/wp\/v2\/posts"}],"about":[{"href":"https:\/\/encuentroinformativo.com.mx\/index.php?rest_route=\/wp\/v2\/types\/post"}],"author":[{"embeddable":true,"href":"https:\/\/encuentroinformativo.com.mx\/index.php?rest_route=\/wp\/v2\/users\/1"}],"replies":[{"embeddable":true,"href":"https:\/\/encuentroinformativo.com.mx\/index.php?rest_route=%2Fwp%2Fv2%2Fcomments&post=27093"}],"version-history":[{"count":1,"href":"https:\/\/encuentroinformativo.com.mx\/index.php?rest_route=\/wp\/v2\/posts\/27093\/revisions"}],"predecessor-version":[{"id":27095,"href":"https:\/\/encuentroinformativo.com.mx\/index.php?rest_route=\/wp\/v2\/posts\/27093\/revisions\/27095"}],"wp:featuredmedia":[{"embeddable":true,"href":"https:\/\/encuentroinformativo.com.mx\/index.php?rest_route=\/wp\/v2\/media\/27094"}],"wp:attachment":[{"href":"https:\/\/encuentroinformativo.com.mx\/index.php?rest_route=%2Fwp%2Fv2%2Fmedia&parent=27093"}],"wp:term":[{"taxonomy":"category","embeddable":true,"href":"https:\/\/encuentroinformativo.com.mx\/index.php?rest_route=%2Fwp%2Fv2%2Fcategories&post=27093"},{"taxonomy":"post_tag","embeddable":true,"href":"https:\/\/encuentroinformativo.com.mx\/index.php?rest_route=%2Fwp%2Fv2%2Ftags&post=27093"}],"curies":[{"name":"wp","href":"https:\/\/api.w.org\/{rel}","templated":true}]}}