{"id":27098,"date":"2022-05-12T10:15:00","date_gmt":"2022-05-12T15:15:00","guid":{"rendered":"https:\/\/encuentroinformativo.com.mx\/?p=27098"},"modified":"2022-05-11T21:18:58","modified_gmt":"2022-05-12T02:18:58","slug":"economia-y-creacion-de-empleos-temas-olvidados-sergio-cadena","status":"publish","type":"post","link":"https:\/\/encuentroinformativo.com.mx\/?p=27098","title":{"rendered":"Econom\u00eda y creaci\u00f3n de empleos, temas olvidados: Sergio Cadena"},"content":{"rendered":"\n<p><strong>Elisa Aburto\u00a0<\/strong><\/p>\n\n\n\n<p>Xalapa, Ver.-&nbsp;&nbsp;Los temas coyunturales para el estado de Veracruz, tales como la creaci\u00f3n de empleos y la reactivaci\u00f3n econ\u00f3mica, han sido olvidados por las autoridades, as\u00ed lo consider\u00f3 Sergio Cadena Mart\u00ednez presidente del Comit\u00e9 Directivo Estatal del Partido de la Revoluci\u00f3n Democr\u00e1tica (PRD).&nbsp;<\/p>\n\n\n\n<p>Y es que el l\u00edder partidista se\u00f1al\u00f3 que sectores productivos como los cafetaleros, ganaderos y el propio sector empresarial han sido olvidados, por lo que afirm\u00f3 que el partido del Sol Azteca seguir\u00e1 siendo \u201cla voz de la conciencia\u201d.&nbsp;<\/p>\n\n\n\n<p>En entrevista para&nbsp;<strong>Encuentro Informativo<\/strong>, afirm\u00f3: \u201cNosotros tenemos que ser una voz de conciencia de que no el que te pinta el camino de rosas te va a llevar al para\u00edso\u2026&nbsp;<strong>lo que requerimos es inversi\u00f3n, fuentes de empleos y por supuesto salarios bien pagados para mujeres y hombres<\/strong>, esa va ser la voz de la conciencia que ya empezamos\u201d.<\/p>\n\n\n\n<p>Ante ello dijo que en administraciones anteriores las autoridades manten\u00edan cercan\u00eda con los distintos sectores para conocer las problem\u00e1ticas que enfrentaban y buscar as\u00ed soluciones de manera conjunta para beneficio de la poblaci\u00f3n en general.&nbsp;<\/p>\n\n\n\n<p>\u00bfSe descuidaron los temas coyunturales?<\/p>\n\n\n\n<p>-Los importantes, s\u00ed, porque antes&nbsp;<strong>se reun\u00edan con los productores del caf\u00e9 para conocer cu\u00e1l es la problem\u00e1tica, el precio est\u00e1 por los suelos por decir; se reun\u00edan con los pescadores en Catemaco, los tabacaleros en Los Tuxtlas, los ganaderos en el norte, en fin se incentivaban y se compromet\u00edan&nbsp;<\/strong>qu\u00e9 pones t\u00fa y que pongo yo como gobierno.&nbsp;<\/p>\n\n\n\n<p>En ese contexto Cadena Mart\u00ednez record\u00f3 el anuncio del ejecutivo federal quien el pr\u00f3ximo fin de semana estar\u00e1 de visita en territorio veracruzano para reunirse con representantes de distintos sectores productivos, acci\u00f3n que estim\u00f3 se realizar\u00e1 a poco m\u00e1s de la mitad de su gesti\u00f3n.&nbsp;&nbsp;<\/p>\n\n\n\n<p>\u201cEl PRD ya no va a parar porque somos la voz, la izquierda que requiere estar ah\u00ed haciendo conciencia a la gente de que el canto de las sirenas, nos endulz\u00f3 el o\u00eddo un rato pero estamos padeciendo pobreza, feminicidios, entre otras cosas\u201d, puntualiz\u00f3.<\/p>\n","protected":false},"excerpt":{"rendered":"<p>Elisa Aburto\u00a0 Xalapa, Ver.-&nbsp;&nbsp;Los temas coyunturales para el estado de Veracruz, tales como la creaci\u00f3n de empleos y la reactivaci\u00f3n econ\u00f3mica, han sido olvidados por las autoridades, as\u00ed lo consider\u00f3 Sergio Cadena Mart\u00ednez presidente del Comit\u00e9 Directivo Estatal del Partido de la Revoluci\u00f3n Democr\u00e1tica (PRD).&nbsp; Y es que el l\u00edder partidista se\u00f1al\u00f3 que sectores productivos [&hellip;]<\/p>\n","protected":false},"author":2476,"featured_media":27092,"comment_status":"open","ping_status":"open","sticky":false,"template":"","format":"standard","meta":{"_jetpack_memberships_contains_paid_content":false,"footnotes":""},"categories":[10,2],"tags":[],"class_list":["post-27098","post","type-post","status-publish","format-standard","has-post-thumbnail","hentry","category-entrevistas","category-estado"],"jetpack_featured_media_url":"https:\/\/encuentroinformativo.com.mx\/wp-content\/uploads\/2022\/05\/199AAE04-0E73-426A-AABF-19476E62A03B.jpeg","jetpack_sharing_enabled":true,"jetpack_likes_enabled":true,"amp_enabled":true,"_links":{"self":[{"href":"https:\/\/encuentroinformativo.com.mx\/index.php?rest_route=\/wp\/v2\/posts\/27098","targetHints":{"allow":["GET"]}}],"collection":[{"href":"https:\/\/encuentroinformativo.com.mx\/index.php?rest_route=\/wp\/v2\/posts"}],"about":[{"href":"https:\/\/encuentroinformativo.com.mx\/index.php?rest_route=\/wp\/v2\/types\/post"}],"author":[{"embeddable":true,"href":"https:\/\/encuentroinformativo.com.mx\/index.php?rest_route=\/wp\/v2\/users\/2476"}],"replies":[{"embeddable":true,"href":"https:\/\/encuentroinformativo.com.mx\/index.php?rest_route=%2Fwp%2Fv2%2Fcomments&post=27098"}],"version-history":[{"count":1,"href":"https:\/\/encuentroinformativo.com.mx\/index.php?rest_route=\/wp\/v2\/posts\/27098\/revisions"}],"predecessor-version":[{"id":27099,"href":"https:\/\/encuentroinformativo.com.mx\/index.php?rest_route=\/wp\/v2\/posts\/27098\/revisions\/27099"}],"wp:featuredmedia":[{"embeddable":true,"href":"https:\/\/encuentroinformativo.com.mx\/index.php?rest_route=\/wp\/v2\/media\/27092"}],"wp:attachment":[{"href":"https:\/\/encuentroinformativo.com.mx\/index.php?rest_route=%2Fwp%2Fv2%2Fmedia&parent=27098"}],"wp:term":[{"taxonomy":"category","embeddable":true,"href":"https:\/\/encuentroinformativo.com.mx\/index.php?rest_route=%2Fwp%2Fv2%2Fcategories&post=27098"},{"taxonomy":"post_tag","embeddable":true,"href":"https:\/\/encuentroinformativo.com.mx\/index.php?rest_route=%2Fwp%2Fv2%2Ftags&post=27098"}],"curies":[{"name":"wp","href":"https:\/\/api.w.org\/{rel}","templated":true}]}}